{"id":7726,"date":"2026-09-04T15:29:53","date_gmt":"2026-09-04T18:29:53","guid":{"rendered":"https:\/\/defiendase.com\/?p=7726"},"modified":"2026-09-04T15:32:24","modified_gmt":"2026-09-04T18:32:24","slug":"urribarri-debera-ir-a-la-carcel","status":"publish","type":"post","link":"https:\/\/defiendase.com\/index.php\/urribarri-debera-ir-a-la-carcel\/","title":{"rendered":"Urribarri deber\u00e1 ir a la c\u00e1rcel"},"content":{"rendered":"\n<p>La Corte Suprema de Justicia dej\u00f3 firme la condena contra el ex gobernador de Entre R\u00edos, Sergio Urribarri, por delitos de corrupci\u00f3n cometidos durante su gesti\u00f3n entre 2007 y 2015. Tras esto, Urribarri deber\u00e1 cumplir la prisi\u00f3n efectiva de 8 a\u00f1os y qued\u00f3 adem\u00e1s inhabilitado de por vida para ejercer cargos p\u00fablicos.<\/p>\n\n\n\n<p>Con este pronunciamiento, la Corte desestim\u00f3 los recursos presentados por la defensa y ratific\u00f3 la sentencia dictada en abril de 2022 por el Tribunal de Juicios y Apelaciones de Paran\u00e1, que encontr\u00f3 a Urribarri culpable de liderar un esquema de desv\u00edo sistem\u00e1tico de fondos del Estado provincial a trav\u00e9s del direccionamiento de la pauta publicitaria.<\/p>\n\n\n\n<p>Entre las maniobras acreditadas por la investigaci\u00f3n se encuentran la asignaci\u00f3n de pauta oficial a empresas sin actividad real ni capacidad operativa, pagos direccionados que beneficiaron de forma directa a allegados y familiares del gobernador, entre ellos su cu\u00f1ado Juan Pablo Aguilera y uso irregular de los fondos destinados a la Cumbre del Mercosur realizada en Paran\u00e1 en 2014.<\/p>\n\n\n\n<p>La decisi\u00f3n del la Corte alcanz\u00f3 tambi\u00e9n a los dem\u00e1s implicados en la causa. Quedaron confirmadas las condenas a 6 a\u00f1os de prisi\u00f3n para Pedro B\u00e1ez, exministro de Cultura y Comunicaci\u00f3n provincial, y para el propio Aguilera, as\u00ed como las penas impuestas a los colaboradores y empresarios Gerardo Caruso, Corina Cargnel, Emiliano Giacopuzzi y Luciana Almada.<\/p>\n\n\n\n<p>Urribarri, quien tras dejar la gobernaci\u00f3n se desempe\u00f1\u00f3 como embajador argentino en Israel durante la gesti\u00f3n de Alberto Fern\u00e1ndez, ya hab\u00eda cumplido un per\u00edodo de detenci\u00f3n preventiva de 50 d\u00edas entre noviembre de 2024 y enero de 2025. Ahora deber\u00e1 ir preso a na c\u00e1rcel com\u00fan.<\/p>\n","protected":false},"excerpt":{"rendered":"<p>La Corte Suprema de Justicia dej\u00f3 firme la condena contra el ex gobernador de Entre<\/p>\n","protected":false},"author":7,"featured_media":7727,"comment_status":"open","ping_status":"open","sticky":false,"template":"","format":"standard","meta":{"om_disable_all_campaigns":false,"_monsterinsights_skip_tracking":false,"_monsterinsights_sitenote_active":false,"_monsterinsights_sitenote_note":"","_monsterinsights_sitenote_category":0},"categories":[1],"tags":[],"aioseo_notices":[],"jetpack_featured_media_url":"https:\/\/defiendase.com\/wp-content\/uploads\/2026\/09\/WhatsApp-Image-2026-09-04-at-10.17.23.jpeg","post_mailing_queue_ids":[],"_links":{"self":[{"href":"https:\/\/defiendase.com\/index.php\/wp-json\/wp\/v2\/posts\/7726"}],"collection":[{"href":"https:\/\/defiendase.com\/index.php\/wp-json\/wp\/v2\/posts"}],"about":[{"href":"https:\/\/defiendase.com\/index.php\/wp-json\/wp\/v2\/types\/post"}],"author":[{"embeddable":true,"href":"https:\/\/defiendase.com\/index.php\/wp-json\/wp\/v2\/users\/7"}],"replies":[{"embeddable":true,"href":"https:\/\/defiendase.com\/index.php\/wp-json\/wp\/v2\/comments?post=7726"}],"version-history":[{"count":1,"href":"https:\/\/defiendase.com\/index.php\/wp-json\/wp\/v2\/posts\/7726\/revisions"}],"predecessor-version":[{"id":7728,"href":"https:\/\/defiendase.com\/index.php\/wp-json\/wp\/v2\/posts\/7726\/revisions\/7728"}],"wp:featuredmedia":[{"embeddable":true,"href":"https:\/\/defiendase.com\/index.php\/wp-json\/wp\/v2\/media\/7727"}],"wp:attachment":[{"href":"https:\/\/defiendase.com\/index.php\/wp-json\/wp\/v2\/media?parent=7726"}],"wp:term":[{"taxonomy":"category","embeddable":true,"href":"https:\/\/defiendase.com\/index.php\/wp-json\/wp\/v2\/categories?post=7726"},{"taxonomy":"post_tag","embeddable":true,"href":"https:\/\/defiendase.com\/index.php\/wp-json\/wp\/v2\/tags?post=7726"}],"curies":[{"name":"wp","href":"https:\/\/api.w.org\/{rel}","templated":true}]}}