{"id":7715,"date":"2026-09-02T17:01:25","date_gmt":"2026-09-02T20:01:25","guid":{"rendered":"https:\/\/defiendase.com\/?p=7715"},"modified":"2026-09-02T17:01:27","modified_gmt":"2026-09-02T20:01:27","slug":"eleccion-de-jueces-desde-el-colegio-de-la-abogacia-pidieron-que-no-haya-discrecionalidad-2","status":"publish","type":"post","link":"https:\/\/defiendase.com\/index.php\/eleccion-de-jueces-desde-el-colegio-de-la-abogacia-pidieron-que-no-haya-discrecionalidad-2\/","title":{"rendered":"Elecci\u00f3n de jueces: Desde el Colegio de la Abogac\u00eda pidieron que no haya discrecionalidad"},"content":{"rendered":"\n<p>Durante el acto por el D\u00eda de la Abogac\u00eda, la presidenta del Colegio P\u00fablico de la Abogac\u00eda de la Capital Federal, Alejandra Garc\u00eda, exigi\u00f3 la erradicaci\u00f3n de la discrecionalidad en las entrevistas personales ante el Consejo de la Magistratura y reclam\u00f3 reglas objetivas para elegir a los nuevos jueces que cubrir\u00e1n las vacantes en tribunales.<\/p>\n\n\n\n<p>La advertencia de la entidad llega en un contexto cr\u00edtico: la Justicia acumula unas 700 vacantes de jueces titulares, aunque el Gobierno se ufana de que est\u00e1 acelerando los nombramientos.<\/p>\n\n\n\n<p>El punto central del reclamo radica en lo que ocurre en la \u00faltima etapa de evaluaci\u00f3n que realiza el Consejo de la Magistratura antes de elevar las ternas al Poder Ejecutivo.<\/p>\n\n\n\n<p>Seg\u00fan advirtieron desde el Colegio de la Abogac\u00eda, en las listas iniciales de candidatos elevados al Gobierno, 12 de cada 67 aspirantes sufrieron cambios en su posici\u00f3n original despu\u00e9s de las entrevistas personales. Ese reordenamiento arbitrario y sin explicaciones objetivas termin\u00f3 relegando a concursantes que hab\u00edan liderado las pruebas t\u00e9cnicas.<\/p>\n\n\n\n<p>En este sentido, Garc\u00eda sostuvo que \u00abla conformaci\u00f3n de las ternas debe respetar los resultados del concurso y una entrevista posterior no puede alterar el orden de m\u00e9rito sin fundamentos\u00bb.<\/p>\n\n\n\n<p>Adem\u00e1s, desde la entidad denunciaron que hay una marcada desigualdad de oportunidades entre los funcionarios judiciales de carrera y los profesionales de la matr\u00edcula independiente: de las \u00faltimas 170 designaciones a cargos de magistrados, apenas 6 correspondieron a abogados del fuero privado.<\/p>\n\n\n\n<p>Ante estos problemas el Colegio apoy\u00f3 el proyecto de la Corte para cambiar la elecci\u00f3n de los jueces, que reduce la discrecionalidad exigiendo una justificaci\u00f3n t\u00e9cnica si una entrevista personal modifica el orden de m\u00e9rito y propuso que la experiencia profesional sea reconocida en los concursos para que los abogados est\u00e9n en condiciones de igualdad con otros concursantes.<\/p>\n","protected":false},"excerpt":{"rendered":"<p>Durante el acto por el D\u00eda de la Abogac\u00eda, la presidenta del Colegio P\u00fablico de<\/p>\n","protected":false},"author":7,"featured_media":7713,"comment_status":"open","ping_status":"open","sticky":false,"template":"","format":"standard","meta":{"om_disable_all_campaigns":false,"_monsterinsights_skip_tracking":false,"_monsterinsights_sitenote_active":false,"_monsterinsights_sitenote_note":"","_monsterinsights_sitenote_category":0},"categories":[263],"tags":[],"aioseo_notices":[],"jetpack_featured_media_url":"https:\/\/defiendase.com\/wp-content\/uploads\/2026\/09\/alejandra-garcia-2.png","post_mailing_queue_ids":[],"_links":{"self":[{"href":"https:\/\/defiendase.com\/index.php\/wp-json\/wp\/v2\/posts\/7715"}],"collection":[{"href":"https:\/\/defiendase.com\/index.php\/wp-json\/wp\/v2\/posts"}],"about":[{"href":"https:\/\/defiendase.com\/index.php\/wp-json\/wp\/v2\/types\/post"}],"author":[{"embeddable":true,"href":"https:\/\/defiendase.com\/index.php\/wp-json\/wp\/v2\/users\/7"}],"replies":[{"embeddable":true,"href":"https:\/\/defiendase.com\/index.php\/wp-json\/wp\/v2\/comments?post=7715"}],"version-history":[{"count":1,"href":"https:\/\/defiendase.com\/index.php\/wp-json\/wp\/v2\/posts\/7715\/revisions"}],"predecessor-version":[{"id":7718,"href":"https:\/\/defiendase.com\/index.php\/wp-json\/wp\/v2\/posts\/7715\/revisions\/7718"}],"wp:featuredmedia":[{"embeddable":true,"href":"https:\/\/defiendase.com\/index.php\/wp-json\/wp\/v2\/media\/7713"}],"wp:attachment":[{"href":"https:\/\/defiendase.com\/index.php\/wp-json\/wp\/v2\/media?parent=7715"}],"wp:term":[{"taxonomy":"category","embeddable":true,"href":"https:\/\/defiendase.com\/index.php\/wp-json\/wp\/v2\/categories?post=7715"},{"taxonomy":"post_tag","embeddable":true,"href":"https:\/\/defiendase.com\/index.php\/wp-json\/wp\/v2\/tags?post=7715"}],"curies":[{"name":"wp","href":"https:\/\/api.w.org\/{rel}","templated":true}]}}