{"id":7701,"date":"2026-09-01T16:01:18","date_gmt":"2026-09-01T19:01:18","guid":{"rendered":"https:\/\/defiendase.com\/?p=7701"},"modified":"2026-09-01T16:01:30","modified_gmt":"2026-09-01T19:01:30","slug":"entre-enero-y-agosto-hubo-169-femicidios-en-el-pais","status":"publish","type":"post","link":"https:\/\/defiendase.com\/index.php\/entre-enero-y-agosto-hubo-169-femicidios-en-el-pais\/","title":{"rendered":"Entre enero y agosto hubo 169 femicidios en el pa\u00eds"},"content":{"rendered":"\n<p>Seg\u00fan registros de La Casa del Encuentro, en los primeros 8 meses de 2026 se registraron 169 cr\u00edmenes por violencia contra las mujeres en la Argentina.&nbsp; En total hubo 144 femicidios, 8 transfemicidios y 17 femicidios vinculados adem\u00e1s de unas 349 tentativas de femicidio.<\/p>\n\n\n\n<p>Las muertes son lo que impacta, pero tampoco hay que perder de vista&nbsp; que quedaron&nbsp; 203 hijos e hijas sin madre \u2014el 57% de ellos menores de edad\u2014. Pese a las denuncias previas realizadas por el 16% de las v\u00edctimas fatales, las medidas cautelares no lograron frenar a los agresores.<\/p>\n\n\n\n<p>El 67% de los cr\u00edmenes ocurri\u00f3 en la vivienda de la v\u00edctima o en la residencia compartida y el 53% de los agresores era la pareja o expareja. Por otro lado, 7 de los femicidas pertenec\u00edan o hab\u00edan pertenecido a fuerzas armadas o policiales y<\/p>\n\n\n\n<p>&nbsp;26 agresores se suicidaron tras cometer el crimen.<\/p>\n\n\n\n<p>Paralelamente, durante la feria judicial de invierno, la Oficina de Violencia Dom\u00e9stica de la Corte Suprema asisti\u00f3 a 600 personas. Se presentaron 357 denuncias por violencia dom\u00e9stica \u2014un aumento del 8% interanual\u2014 y se realizaron 491 evaluaciones de riesgo.<\/p>\n\n\n\n<p>El 49% de las afectadas fueron mujeres de entre 18 y 59 a\u00f1os, y el 32% correspondi\u00f3 a ni\u00f1os, ni\u00f1as y adolescentes. Las pericias m\u00e9dicas constataron lesiones en el 81% de las 70 personas evaluadas, de las cuales el 74% ya registraba antecedentes de violencia f\u00edsica previas.<\/p>\n\n\n\n<p>Frente a la versi\u00f3n oficial del Gobierno nacional, que sostiene que las pol\u00edticas actuales lograron reducir los femicidios, las organizaciones sociales denuncian un desmantelamiento de las herramientas de protecci\u00f3n y la falta de cumplimiento de normativas clave como la Ley 26.485 de Protecci\u00f3n Integral a las Mujeres y la Ley Micaela.<\/p>\n\n\n\n<p>Desde La Casa del Encuentro advierten sobre las fallas del sistema judicial e insisten en que la violencia contra las mujeres debe abordarse como una crisis de derechos humanos prioritaria.<\/p>\n","protected":false},"excerpt":{"rendered":"<p>Seg\u00fan registros de La Casa del Encuentro, en los primeros 8 meses de 2026 se<\/p>\n","protected":false},"author":7,"featured_media":7702,"comment_status":"open","ping_status":"open","sticky":false,"template":"","format":"standard","meta":{"om_disable_all_campaigns":false,"_monsterinsights_skip_tracking":false,"_monsterinsights_sitenote_active":false,"_monsterinsights_sitenote_note":"","_monsterinsights_sitenote_category":0},"categories":[263],"tags":[],"aioseo_notices":[],"jetpack_featured_media_url":"https:\/\/defiendase.com\/wp-content\/uploads\/2026\/09\/WhatsApp-Image-2026-09-01-at-13.17.15.jpeg","post_mailing_queue_ids":[],"_links":{"self":[{"href":"https:\/\/defiendase.com\/index.php\/wp-json\/wp\/v2\/posts\/7701"}],"collection":[{"href":"https:\/\/defiendase.com\/index.php\/wp-json\/wp\/v2\/posts"}],"about":[{"href":"https:\/\/defiendase.com\/index.php\/wp-json\/wp\/v2\/types\/post"}],"author":[{"embeddable":true,"href":"https:\/\/defiendase.com\/index.php\/wp-json\/wp\/v2\/users\/7"}],"replies":[{"embeddable":true,"href":"https:\/\/defiendase.com\/index.php\/wp-json\/wp\/v2\/comments?post=7701"}],"version-history":[{"count":1,"href":"https:\/\/defiendase.com\/index.php\/wp-json\/wp\/v2\/posts\/7701\/revisions"}],"predecessor-version":[{"id":7703,"href":"https:\/\/defiendase.com\/index.php\/wp-json\/wp\/v2\/posts\/7701\/revisions\/7703"}],"wp:featuredmedia":[{"embeddable":true,"href":"https:\/\/defiendase.com\/index.php\/wp-json\/wp\/v2\/media\/7702"}],"wp:attachment":[{"href":"https:\/\/defiendase.com\/index.php\/wp-json\/wp\/v2\/media?parent=7701"}],"wp:term":[{"taxonomy":"category","embeddable":true,"href":"https:\/\/defiendase.com\/index.php\/wp-json\/wp\/v2\/categories?post=7701"},{"taxonomy":"post_tag","embeddable":true,"href":"https:\/\/defiendase.com\/index.php\/wp-json\/wp\/v2\/tags?post=7701"}],"curies":[{"name":"wp","href":"https:\/\/api.w.org\/{rel}","templated":true}]}}