{"id":7285,"date":"2026-05-01T09:55:26","date_gmt":"2026-05-01T12:55:26","guid":{"rendered":"https:\/\/defiendase.com\/?p=7285"},"modified":"2026-05-01T09:55:30","modified_gmt":"2026-05-01T12:55:30","slug":"anunciaron-aumentos-para-el-personal-domestico-hasta-mitad-de-ano","status":"publish","type":"post","link":"https:\/\/defiendase.com\/index.php\/anunciaron-aumentos-para-el-personal-domestico-hasta-mitad-de-ano\/","title":{"rendered":"Anunciaron aumentos para el personal dom\u00e9stico hasta mitad de a\u00f1o"},"content":{"rendered":"\n<p>El gobierno acord\u00f3 con el gremio una escala de nuevos aumentos que deber\u00e1n pagarse desde este mes a los trabajadores de casas particulares.&nbsp;<\/p>\n\n\n\n<p>Seg\u00fan lo que se firm\u00f3, la suba acumulativa ser\u00e1 del 1,8% en abril, del 1,6% en mayo, del 1,5% en junio y del 1,4% en julio. Por otro lado, la mitad del bono no remunerativo que se pag\u00f3 en abril (que era de hasta 20 mil pesos y depend\u00eda de la cantidad de horas trabajadas) deber\u00e1 pasar a formar parte del salario formal. El restante 50% se incorporar\u00e1 en julio.&nbsp;<\/p>\n\n\n\n<p>Con esto, el personal para tareas generales percibir\u00e1 un salario m\u00ednimo de $3.408 por hora para quienes trabajan con retiro, y de $3.664 para el personal sin retiro. En t\u00e9rminos mensuales, el personal con retiro cobrar\u00e1 $410.773 y el personal sin retiro $455.160. &nbsp;<\/p>\n\n\n\n<p>Tambi\u00e9n se actualiz\u00f3 el adicional por zona desfavorable, que ser\u00e1 del 31% del salario m\u00ednimo de cada categor\u00eda desde el 1 de abril.&nbsp;<\/p>\n\n\n\n<p>En julio habr\u00e1 una nueva reuni\u00f3n para volver a actualizar los montos.<\/p>\n\n\n\n<figure class=\"wp-block-image size-full\"><img loading=\"lazy\" width=\"780\" height=\"975\" src=\"https:\/\/defiendase.com\/wp-content\/uploads\/2026\/05\/IMG_7356.jpeg\" alt=\"\" class=\"wp-image-7287\" srcset=\"https:\/\/defiendase.com\/wp-content\/uploads\/2026\/05\/IMG_7356.jpeg 780w, https:\/\/defiendase.com\/wp-content\/uploads\/2026\/05\/IMG_7356-240x300.jpeg 240w, https:\/\/defiendase.com\/wp-content\/uploads\/2026\/05\/IMG_7356-768x960.jpeg 768w, https:\/\/defiendase.com\/wp-content\/uploads\/2026\/05\/IMG_7356-600x750.jpeg 600w\" sizes=\"(max-width: 780px) 100vw, 780px\" \/><\/figure>\n\n\n\n<p><\/p>\n","protected":false},"excerpt":{"rendered":"<p>El gobierno acord\u00f3 con el gremio una escala de nuevos aumentos que deber\u00e1n pagarse desde<\/p>\n","protected":false},"author":4,"featured_media":7286,"comment_status":"open","ping_status":"open","sticky":false,"template":"","format":"standard","meta":{"om_disable_all_campaigns":false,"_monsterinsights_skip_tracking":false,"_monsterinsights_sitenote_active":false,"_monsterinsights_sitenote_note":"","_monsterinsights_sitenote_category":0},"categories":[1],"tags":[],"aioseo_notices":[],"jetpack_featured_media_url":"https:\/\/defiendase.com\/wp-content\/uploads\/2026\/05\/IMG_7355.jpeg","post_mailing_queue_ids":[],"_links":{"self":[{"href":"https:\/\/defiendase.com\/index.php\/wp-json\/wp\/v2\/posts\/7285"}],"collection":[{"href":"https:\/\/defiendase.com\/index.php\/wp-json\/wp\/v2\/posts"}],"about":[{"href":"https:\/\/defiendase.com\/index.php\/wp-json\/wp\/v2\/types\/post"}],"author":[{"embeddable":true,"href":"https:\/\/defiendase.com\/index.php\/wp-json\/wp\/v2\/users\/4"}],"replies":[{"embeddable":true,"href":"https:\/\/defiendase.com\/index.php\/wp-json\/wp\/v2\/comments?post=7285"}],"version-history":[{"count":1,"href":"https:\/\/defiendase.com\/index.php\/wp-json\/wp\/v2\/posts\/7285\/revisions"}],"predecessor-version":[{"id":7288,"href":"https:\/\/defiendase.com\/index.php\/wp-json\/wp\/v2\/posts\/7285\/revisions\/7288"}],"wp:featuredmedia":[{"embeddable":true,"href":"https:\/\/defiendase.com\/index.php\/wp-json\/wp\/v2\/media\/7286"}],"wp:attachment":[{"href":"https:\/\/defiendase.com\/index.php\/wp-json\/wp\/v2\/media?parent=7285"}],"wp:term":[{"taxonomy":"category","embeddable":true,"href":"https:\/\/defiendase.com\/index.php\/wp-json\/wp\/v2\/categories?post=7285"},{"taxonomy":"post_tag","embeddable":true,"href":"https:\/\/defiendase.com\/index.php\/wp-json\/wp\/v2\/tags?post=7285"}],"curies":[{"name":"wp","href":"https:\/\/api.w.org\/{rel}","templated":true}]}}