{"id":7280,"date":"2026-04-30T14:53:02","date_gmt":"2026-04-30T17:53:02","guid":{"rendered":"https:\/\/defiendase.com\/?p=7280"},"modified":"2026-04-30T14:53:04","modified_gmt":"2026-04-30T17:53:04","slug":"la-pulseada-judicial-por-la-pension-de-cristina-kirchner","status":"publish","type":"post","link":"https:\/\/defiendase.com\/index.php\/la-pulseada-judicial-por-la-pension-de-cristina-kirchner\/","title":{"rendered":"La pulseada judicial por la pensi\u00f3n de Cristina Kirchner"},"content":{"rendered":"\n<p>La C\u00e1mara Federal de la Seguridad Social rechaz\u00f3 un recurso extraordinario presentado por la Anses y dej\u00f3 firme la medida cautelar que obliga al Estado a restituir la pensi\u00f3n por viudez a la expresidenta. Ante este rev\u00e9s, el Ministerio de Capital Humano ya confirm\u00f3 que llevar\u00e1 el caso a la Corte Suprema de Justicia mediante un recurso de queja.<\/p>\n\n\n\n<p>Tras la condena a Cristina en la causa Vialidad, a fines de 2024, la Anses emiti\u00f3 una resoluci\u00f3n que suspend\u00eda tanto el pago de la jubilaci\u00f3n como ex presidenta como el pago de la pensi\u00f3n por viudez tras la muerte de N\u00e9stor Kirchner, que equivale a otra pensi\u00f3n de privilegio.<\/p>\n\n\n\n<p>Cristina Kirchner apel\u00f3 y logr\u00f3 una cautelar que ordenaba al Estado retomar el pago mientras se resolv\u00eda la cuesti\u00f3n de fondo. Ante esto, la Anses interpuso un recurso extraordinario federal, que fue rechazado.<\/p>\n\n\n\n<p>El fallo de la C\u00e1mara estableci\u00f3 una distinci\u00f3n t\u00e9cnica entre los dos beneficios en disputa. Por un lado, aval\u00f3 que la jubilaci\u00f3n como ex presidenta pudiera permanecer suspendida debido a la condena judicial pero, por el otro, consider\u00f3 que la pensi\u00f3n como viuda posee una naturaleza jur\u00eddica distinta que no puede ser eliminada por una simple v\u00eda administrativa.<\/p>\n\n\n\n<p>El Ministerio de Capital Humano sostiene que el fallo afecta el \u00abprincipio de legalidad\u00bb. Argumentan que existe una prohibici\u00f3n expresa de percibir asignaciones de privilegio para quienes tengan condenas e inhabilitaciones absolutas. Adem\u00e1s, rechazan el argumento del \u00abderecho alimentario\u00bb de la ex mandataria, dado su patrimonio declarado.<\/p>\n\n\n\n<p>Ahora, con la confirmaci\u00f3n del recurso de queja por parte del Ejecutivo, la \u00faltima palabra quedar\u00eda en manos de la Corte Suprema.<\/p>\n","protected":false},"excerpt":{"rendered":"<p>La C\u00e1mara Federal de la Seguridad Social rechaz\u00f3 un recurso extraordinario presentado por la Anses<\/p>\n","protected":false},"author":4,"featured_media":7283,"comment_status":"open","ping_status":"open","sticky":false,"template":"","format":"standard","meta":{"om_disable_all_campaigns":false,"_monsterinsights_skip_tracking":false,"_monsterinsights_sitenote_active":false,"_monsterinsights_sitenote_note":"","_monsterinsights_sitenote_category":0},"categories":[263],"tags":[],"aioseo_notices":[],"jetpack_featured_media_url":"https:\/\/defiendase.com\/wp-content\/uploads\/2026\/04\/cfk-saluda-manifestantesjpg.webp","post_mailing_queue_ids":[],"_links":{"self":[{"href":"https:\/\/defiendase.com\/index.php\/wp-json\/wp\/v2\/posts\/7280"}],"collection":[{"href":"https:\/\/defiendase.com\/index.php\/wp-json\/wp\/v2\/posts"}],"about":[{"href":"https:\/\/defiendase.com\/index.php\/wp-json\/wp\/v2\/types\/post"}],"author":[{"embeddable":true,"href":"https:\/\/defiendase.com\/index.php\/wp-json\/wp\/v2\/users\/4"}],"replies":[{"embeddable":true,"href":"https:\/\/defiendase.com\/index.php\/wp-json\/wp\/v2\/comments?post=7280"}],"version-history":[{"count":1,"href":"https:\/\/defiendase.com\/index.php\/wp-json\/wp\/v2\/posts\/7280\/revisions"}],"predecessor-version":[{"id":7284,"href":"https:\/\/defiendase.com\/index.php\/wp-json\/wp\/v2\/posts\/7280\/revisions\/7284"}],"wp:featuredmedia":[{"embeddable":true,"href":"https:\/\/defiendase.com\/index.php\/wp-json\/wp\/v2\/media\/7283"}],"wp:attachment":[{"href":"https:\/\/defiendase.com\/index.php\/wp-json\/wp\/v2\/media?parent=7280"}],"wp:term":[{"taxonomy":"category","embeddable":true,"href":"https:\/\/defiendase.com\/index.php\/wp-json\/wp\/v2\/categories?post=7280"},{"taxonomy":"post_tag","embeddable":true,"href":"https:\/\/defiendase.com\/index.php\/wp-json\/wp\/v2\/tags?post=7280"}],"curies":[{"name":"wp","href":"https:\/\/api.w.org\/{rel}","templated":true}]}}