{"id":7274,"date":"2026-04-29T14:51:11","date_gmt":"2026-04-29T17:51:11","guid":{"rendered":"https:\/\/defiendase.com\/?p=7274"},"modified":"2026-04-29T14:51:13","modified_gmt":"2026-04-29T17:51:13","slug":"la-suprema-corte-bonaerense-denuncia-una-degradacion-institucional-sin-precedentes","status":"publish","type":"post","link":"https:\/\/defiendase.com\/index.php\/la-suprema-corte-bonaerense-denuncia-una-degradacion-institucional-sin-precedentes\/","title":{"rendered":"La Suprema Corte bonaerense denuncia una \u00abdegradaci\u00f3n institucional\u00bb sin precedentes"},"content":{"rendered":"\n<p>Con un fuerte reclamo a Axel Kicillof, el presidente de la Suprema Corte bonaerense, Sergio Torres, advirti\u00f3 que el m\u00e1ximo tribunal de la provincia se encuentra \u00abin\u00e9ditamente desintegrado\u00bb, operando con apenas tres de sus siete integrantes y denunci\u00f3 que la inacci\u00f3n pol\u00edtica atenta directamente contra la seguridad jur\u00eddica en&nbsp; una provincia que concentra casi el 40% de los conflictos legales del pa\u00eds.<\/p>\n\n\n\n<p>El trasfondo de esta crisis es la incapacidad pol\u00edtica del gobernador para lograr apoyos en la legislatura.&nbsp; Para nombrar a los cuatro jueces faltantes y cubrir las m\u00e1s de 200 vacantes en tribunales inferiores el Ejecutivo requiere de una mayor\u00eda de dos tercios en el Senado provincial que hoy no tiene.<\/p>\n\n\n\n<p>Desde tribunales, el mensaje es contundente: la justicia no puede ser reh\u00e9n de los tiempos electorales. Con la salida de jueces hist\u00f3ricos y la inminente jubilaci\u00f3n de otros miembros, la Corte opera hoy con el m\u00ednimo qu\u00f3rum indispensable para dictar sentencia, lo que ralentiza los procesos y debilita la capacidad de conducci\u00f3n sobre todo el sistema de justicia provincial.<\/p>\n\n\n\n<p>Ante este escenario, el m\u00e1ximo tribunal reclam\u00f3&nbsp; una \u00abmesa de acuerdo\u00bb que trascienda las grietas partidarias. Los jueces dicen que deben recuperar la integraci\u00f3n m\u00ednima necesaria para garantizar la pluralidad de voces en sus fallos.<\/p>\n\n\n\n<p>Mientras Kicillof piensa en su proyecto presidencialista, la justicia en la provincia parece al borde del colapso.<\/p>\n","protected":false},"excerpt":{"rendered":"<p>Con un fuerte reclamo a Axel Kicillof, el presidente de la Suprema Corte bonaerense, Sergio<\/p>\n","protected":false},"author":4,"featured_media":7275,"comment_status":"open","ping_status":"open","sticky":false,"template":"","format":"standard","meta":{"om_disable_all_campaigns":false,"_monsterinsights_skip_tracking":false,"_monsterinsights_sitenote_active":false,"_monsterinsights_sitenote_note":"","_monsterinsights_sitenote_category":0},"categories":[263],"tags":[],"aioseo_notices":[],"jetpack_featured_media_url":"https:\/\/defiendase.com\/wp-content\/uploads\/2026\/04\/corte2.webp","post_mailing_queue_ids":[],"_links":{"self":[{"href":"https:\/\/defiendase.com\/index.php\/wp-json\/wp\/v2\/posts\/7274"}],"collection":[{"href":"https:\/\/defiendase.com\/index.php\/wp-json\/wp\/v2\/posts"}],"about":[{"href":"https:\/\/defiendase.com\/index.php\/wp-json\/wp\/v2\/types\/post"}],"author":[{"embeddable":true,"href":"https:\/\/defiendase.com\/index.php\/wp-json\/wp\/v2\/users\/4"}],"replies":[{"embeddable":true,"href":"https:\/\/defiendase.com\/index.php\/wp-json\/wp\/v2\/comments?post=7274"}],"version-history":[{"count":1,"href":"https:\/\/defiendase.com\/index.php\/wp-json\/wp\/v2\/posts\/7274\/revisions"}],"predecessor-version":[{"id":7276,"href":"https:\/\/defiendase.com\/index.php\/wp-json\/wp\/v2\/posts\/7274\/revisions\/7276"}],"wp:featuredmedia":[{"embeddable":true,"href":"https:\/\/defiendase.com\/index.php\/wp-json\/wp\/v2\/media\/7275"}],"wp:attachment":[{"href":"https:\/\/defiendase.com\/index.php\/wp-json\/wp\/v2\/media?parent=7274"}],"wp:term":[{"taxonomy":"category","embeddable":true,"href":"https:\/\/defiendase.com\/index.php\/wp-json\/wp\/v2\/categories?post=7274"},{"taxonomy":"post_tag","embeddable":true,"href":"https:\/\/defiendase.com\/index.php\/wp-json\/wp\/v2\/tags?post=7274"}],"curies":[{"name":"wp","href":"https:\/\/api.w.org\/{rel}","templated":true}]}}