{"id":7115,"date":"2026-03-16T15:11:44","date_gmt":"2026-03-16T18:11:44","guid":{"rendered":"https:\/\/defiendase.com\/?p=7115"},"modified":"2026-03-16T15:11:47","modified_gmt":"2026-03-16T18:11:47","slug":"vtv-la-provincia-de-buenos-aires-rechaza-la-desregulacion-impulsada-por-nacion","status":"publish","type":"post","link":"https:\/\/defiendase.com\/index.php\/vtv-la-provincia-de-buenos-aires-rechaza-la-desregulacion-impulsada-por-nacion\/","title":{"rendered":"VTV: La Provincia de Buenos Aires &nbsp;rechaza la desregulaci\u00f3n impulsada por Naci\u00f3n"},"content":{"rendered":"\n<p>En un nuevo cap\u00edtulo de la tensi\u00f3n entre La Plata y la Casa Rosada, la Provincia de Buenos Aires confirm\u00f3 que no adherir\u00e1 a los cambios en la Verificaci\u00f3n T\u00e9cnica Vehicular (VTV) propuestos por el Gobierno Nacional. Mientras que la gesti\u00f3n de Javier Milei busca extender los plazos de revisi\u00f3n y abrir el servicio a talleres mec\u00e1nicos y concesionarias, la administraci\u00f3n bonaerense decidi\u00f3 sostener el esquema actual de controles anuales para veh\u00edculos de m\u00e1s de dos a\u00f1os de antig\u00fcedad.<\/p>\n\n\n\n<p>La postura del Ministerio de Transporte bonaerense no se limit\u00f3 a una negativa administrativa, sino que se fundament\u00f3 en una serie de argumentos que cuestionan la reforma impulsada por el ministro de Desregulaci\u00f3n, Federico Sturzenegger.<\/p>\n\n\n\n<p>Desde el entorno de Kicillof sostienen que flexibilizar los controles es \u00abimprudente\u00bb en un contexto donde el Gobierno Nacional ha recortado la inversi\u00f3n en el mantenimiento de las rutas nacionales. Seg\u00fan la Provincia, el estado actual de la infraestructura vial exige controles t\u00e9cnicos m\u00e1s rigurosos, no m\u00e1s laxos, para prevenir siniestros.&nbsp;<\/p>\n\n\n\n<p>Por otro lado, tambi\u00e9n cuestionaron la posibilidad de que talleres mec\u00e1nicos particulares realicen la verificaci\u00f3n. El argumento provincial es claro: un taller que vende repuestos y realiza reparaciones no puede ser el mismo que juzga si un auto est\u00e1 apto para circular.<\/p>\n\n\n\n<p>Adem\u00e1s la provincia advirti\u00f3 que una \u00abliberalizaci\u00f3n total\u00bb del mercado de verificaci\u00f3n provocar\u00eda que los prestadores se concentren masivamente en el Conurbano y ciudades grandes por una cuesti\u00f3n de rentabilidad. Esto dejar\u00eda a los municipios del interior bonaerense sin cobertura, obligando a los usuarios a recorrer largas distancias para cumplir con el tr\u00e1mite.<\/p>\n\n\n\n<p>Por \u00faltimo, desde la secretar\u00eda de transporte bonaerense sostuvieron que la VTV es una facultad propia de cada jurisdicci\u00f3n y que el esquema propuesto por Naci\u00f3n, que busca llevar la primera revisi\u00f3n a los 5 a\u00f1os para 0km, carece de un respaldo t\u00e9cnico s\u00f3lido.<\/p>\n\n\n\n<p>Ante esto, la respuesta de Sturzenegger, principal impulsor de la medida, no se hizo esperar. A trav\u00e9s de sus redes sociales, el funcionario nacional lanz\u00f3 un mensaje con fuerte tono electoral: \u00abBueno&#8230; \u00a1a tenerlo en cuenta a la hora de votar en 2027!\u00bb, escribi\u00f3.<\/p>\n","protected":false},"excerpt":{"rendered":"<p>En un nuevo cap\u00edtulo de la tensi\u00f3n entre La Plata y la Casa Rosada, la<\/p>\n","protected":false},"author":4,"featured_media":7116,"comment_status":"open","ping_status":"open","sticky":false,"template":"","format":"standard","meta":{"om_disable_all_campaigns":false,"_monsterinsights_skip_tracking":false,"_monsterinsights_sitenote_active":false,"_monsterinsights_sitenote_note":"","_monsterinsights_sitenote_category":0},"categories":[263],"tags":[],"aioseo_notices":[],"jetpack_featured_media_url":"https:\/\/defiendase.com\/wp-content\/uploads\/2026\/03\/IMG_5230.webp","post_mailing_queue_ids":[],"_links":{"self":[{"href":"https:\/\/defiendase.com\/index.php\/wp-json\/wp\/v2\/posts\/7115"}],"collection":[{"href":"https:\/\/defiendase.com\/index.php\/wp-json\/wp\/v2\/posts"}],"about":[{"href":"https:\/\/defiendase.com\/index.php\/wp-json\/wp\/v2\/types\/post"}],"author":[{"embeddable":true,"href":"https:\/\/defiendase.com\/index.php\/wp-json\/wp\/v2\/users\/4"}],"replies":[{"embeddable":true,"href":"https:\/\/defiendase.com\/index.php\/wp-json\/wp\/v2\/comments?post=7115"}],"version-history":[{"count":1,"href":"https:\/\/defiendase.com\/index.php\/wp-json\/wp\/v2\/posts\/7115\/revisions"}],"predecessor-version":[{"id":7117,"href":"https:\/\/defiendase.com\/index.php\/wp-json\/wp\/v2\/posts\/7115\/revisions\/7117"}],"wp:featuredmedia":[{"embeddable":true,"href":"https:\/\/defiendase.com\/index.php\/wp-json\/wp\/v2\/media\/7116"}],"wp:attachment":[{"href":"https:\/\/defiendase.com\/index.php\/wp-json\/wp\/v2\/media?parent=7115"}],"wp:term":[{"taxonomy":"category","embeddable":true,"href":"https:\/\/defiendase.com\/index.php\/wp-json\/wp\/v2\/categories?post=7115"},{"taxonomy":"post_tag","embeddable":true,"href":"https:\/\/defiendase.com\/index.php\/wp-json\/wp\/v2\/tags?post=7115"}],"curies":[{"name":"wp","href":"https:\/\/api.w.org\/{rel}","templated":true}]}}