{"id":7109,"date":"2026-03-13T15:09:41","date_gmt":"2026-03-13T18:09:41","guid":{"rendered":"https:\/\/defiendase.com\/?p=7109"},"modified":"2026-03-13T15:14:46","modified_gmt":"2026-03-13T18:14:46","slug":"los-duenos-de-los-perros-que-mataron-a-un-nene-podrian-ir-a-la-carcel","status":"publish","type":"post","link":"https:\/\/defiendase.com\/index.php\/los-duenos-de-los-perros-que-mataron-a-un-nene-podrian-ir-a-la-carcel\/","title":{"rendered":"Los due\u00f1os de los perros que mataron a un nene podr\u00edan ir a la c\u00e1rcel"},"content":{"rendered":"\n<p>En julio de 2019, el cuerpo de Diego Rom\u00e1n, un nene de solo 12 a\u00f1os, apareci\u00f3 sin vida en un descampado en la localidad santafesina de Recreo. Las pericias confirmaron que muri\u00f3 atacado por varios perros. Ahora la justicia resolvi\u00f3 elevar la causa a juicio con una novedad: los due\u00f1os de los animales pueden llegar a ir a la c\u00e1rcel<\/p>\n\n\n\n<p>A diferencia de otros casos similares que se tramitan bajo la figura de \u00abhomicidio culposo\u00bb, en este proceso el fiscal opt\u00f3 por la acusaci\u00f3n de homicidio con dolo eventual. Bajo este encuadre, la justicia interpreta que los due\u00f1os de los perros eran plenamente conscientes del peligro que representaba la conducta de sus animales y, pese a ello, no adoptaron las medidas de seguridad necesarias.<\/p>\n\n\n\n<p>A partir de esta figura, la querella y la fiscal\u00eda pedir\u00edan penas que podr\u00edan alcanzar los 10 a\u00f1os de prisi\u00f3n de cumplimiento efectivo.<\/p>\n\n\n\n<p>El avance de la causa se fundament\u00f3 en los informes m\u00e9dicos que confirmaron que el cuerpo del menor presentaba m\u00faltiples lesiones compatibles con una \u00abdepredaci\u00f3n por animales\u00bb. Los forenses descartaron otras hip\u00f3tesis iniciales, que hablaban de un robo y un ataque con cuchillos, para centrarse en las huellas de las mordeduras de una jaur\u00eda, compuesta por al menos diez perros de diversas razas, entre ellas Rottweiler y Boxer.<\/p>\n\n\n\n<p>Durante las audiencias, el foco estar\u00e1 puesto en demostrar si exist\u00edan denuncias previas sobre la peligrosidad de estos perros y en indagar si estaban sueltos o mal encerrados.<\/p>\n\n\n\n<p>El caso de Recreo marca un precedente respecto a la responsabilidad penal de los tenedores de animales peligrosos. E incluso puede equiparar la negligencia en el cuidado con un acto criminal.<\/p>\n","protected":false},"excerpt":{"rendered":"<p>En julio de 2019, el cuerpo de Diego Rom\u00e1n, un nene de solo 12 a\u00f1os,<\/p>\n","protected":false},"author":4,"featured_media":7111,"comment_status":"open","ping_status":"open","sticky":false,"template":"","format":"standard","meta":{"om_disable_all_campaigns":false,"_monsterinsights_skip_tracking":false,"_monsterinsights_sitenote_active":false,"_monsterinsights_sitenote_note":"","_monsterinsights_sitenote_category":0},"categories":[263],"tags":[],"aioseo_notices":[],"jetpack_featured_media_url":"https:\/\/defiendase.com\/wp-content\/uploads\/2026\/03\/IMG_5160.jpeg","post_mailing_queue_ids":[],"_links":{"self":[{"href":"https:\/\/defiendase.com\/index.php\/wp-json\/wp\/v2\/posts\/7109"}],"collection":[{"href":"https:\/\/defiendase.com\/index.php\/wp-json\/wp\/v2\/posts"}],"about":[{"href":"https:\/\/defiendase.com\/index.php\/wp-json\/wp\/v2\/types\/post"}],"author":[{"embeddable":true,"href":"https:\/\/defiendase.com\/index.php\/wp-json\/wp\/v2\/users\/4"}],"replies":[{"embeddable":true,"href":"https:\/\/defiendase.com\/index.php\/wp-json\/wp\/v2\/comments?post=7109"}],"version-history":[{"count":1,"href":"https:\/\/defiendase.com\/index.php\/wp-json\/wp\/v2\/posts\/7109\/revisions"}],"predecessor-version":[{"id":7110,"href":"https:\/\/defiendase.com\/index.php\/wp-json\/wp\/v2\/posts\/7109\/revisions\/7110"}],"wp:featuredmedia":[{"embeddable":true,"href":"https:\/\/defiendase.com\/index.php\/wp-json\/wp\/v2\/media\/7111"}],"wp:attachment":[{"href":"https:\/\/defiendase.com\/index.php\/wp-json\/wp\/v2\/media?parent=7109"}],"wp:term":[{"taxonomy":"category","embeddable":true,"href":"https:\/\/defiendase.com\/index.php\/wp-json\/wp\/v2\/categories?post=7109"},{"taxonomy":"post_tag","embeddable":true,"href":"https:\/\/defiendase.com\/index.php\/wp-json\/wp\/v2\/tags?post=7109"}],"curies":[{"name":"wp","href":"https:\/\/api.w.org\/{rel}","templated":true}]}}