{"id":7105,"date":"2026-03-13T15:06:32","date_gmt":"2026-03-13T18:06:32","guid":{"rendered":"https:\/\/defiendase.com\/?p=7105"},"modified":"2026-03-13T15:07:13","modified_gmt":"2026-03-13T18:07:13","slug":"valentin-alsina-el-fuego-los-dejo-sin-nada-y-reclaman-justicia","status":"publish","type":"post","link":"https:\/\/defiendase.com\/index.php\/valentin-alsina-el-fuego-los-dejo-sin-nada-y-reclaman-justicia\/","title":{"rendered":"Valent\u00edn Alsina: El fuego los dej\u00f3 sin nada y reclaman justicia"},"content":{"rendered":"\n<p>El martes 24 de febrero, un enorme incendio destruy\u00f3 una f\u00e1brica de telas que ocupaba toda una manzana en Lan\u00fas oeste. M\u00e1s de 120 bomberos trabajaron para controlar el fuego en la intersecci\u00f3n de las calles Ruchi y Liniers, en Valent\u00edn Alsina, pero las consecuencias para los vecinos fueron tr\u00e1gicas.<\/p>\n\n\n\n<p>Ese d\u00eda, puntualmente, empez\u00f3 el derrotero y la pesadilla de dos familias que viv\u00edan en casas linderas a la f\u00e1brica. Se quedaron literalmente sin casa. Lo que agrava a\u00fan m\u00e1s la situaci\u00f3n es que ambas familias tienen hijos. Una de ellas tiene una nena discapacitada que tuvo que ser asistida el d\u00eda del incendio por inhalaci\u00f3n de humo. &nbsp;En la denuncia este punto es un motor para que se investiguen a fondo las responsabilidades penales del siniestro por lesiones culposas.<\/p>\n\n\n\n<p>El fondo de ambas casas comparte medianera con la textil \u00abTejidos Catamarca\u00bb, que qued\u00f3 convertida en ruinas. Las viviendas presentan ahora todo tipo de grietas y tienen peligro de derrumbe, lo que las vuelve inhabitables. Se dilataron las paredes, se fisuraron y pas\u00f3 agua de los bomberos por todos lados. Perdieron todo. &nbsp;<\/p>\n\n\n\n<p>Desde ese d\u00eda, hace ya casi 3 semanas, esas dos familias est\u00e1n alojadas en un hotel donde s\u00f3lo pueden dormir: no tienen cocina, ni lavarropas, ni nada que se asemeje a la vida normal de una familia con chicos.<\/p>\n\n\n\n<p>\u00abLa f\u00e1brica no tiene miras de brindarles ninguna soluci\u00f3n. Al principio quisieron meter gente de prepo a hacer obras que no estaban autorizadas, sin presentar planos de obra, sin profesionales matriculados. Ahora quieren empezar refacciones sobre la medianera que tiene peligro de derrumbe\u00bb, resume Daniel Lorizzo, abogado de las v\u00edctimas. Para colmo, se supo despu\u00e9s que la empresa no ten\u00eda seguro contra incendio y que entre el d\u00eda del siniestro y las pericias desaparecieron varias pruebas que pod\u00edan ayudar a desentra\u00f1ar qu\u00e9 factores desencadenaron el fuego. &nbsp;<\/p>\n\n\n\n<p>Las dos casas deben ser demolidas y luego, reconstruidas. Pero nadie les da una respuesta a sus due\u00f1os, que no s\u00f3lo se quedaron sin nada sino que tampoco tienen ning\u00fan tipo de certeza de cu\u00e1ndo van a poder volver a su vida cotidiana.&nbsp;<\/p>\n\n\n\n<p>\u201cEstamos desalojados, nadie se acerc\u00f3\u201d. dice Yamila, que debe ocuparse de su hija discapacitada como puede, lejos de las comodidades de su hogar.&nbsp;<\/p>\n\n\n\n<figure class=\"wp-block-video\"><video controls src=\"https:\/\/defiendase.com\/wp-content\/uploads\/2026\/03\/32783b0a-033c-4fd2-b6bf-2367ee9c3884.mov\"><\/video><\/figure>\n\n\n\n<p>El dato que resume todo trae indignaci\u00f3n: el intendente de Lan\u00fas recibi\u00f3 r\u00e1pidamente a los propietarios de la f\u00e1brica, pero a las familias vecinas hace semanas que nadie las escucha..&nbsp;<\/p>\n","protected":false},"excerpt":{"rendered":"<p>El martes 24 de febrero, un enorme incendio destruy\u00f3 una f\u00e1brica de telas que ocupaba<\/p>\n","protected":false},"author":4,"featured_media":7106,"comment_status":"open","ping_status":"open","sticky":false,"template":"","format":"standard","meta":{"om_disable_all_campaigns":false,"_monsterinsights_skip_tracking":false,"_monsterinsights_sitenote_active":false,"_monsterinsights_sitenote_note":"","_monsterinsights_sitenote_category":0},"categories":[251],"tags":[],"aioseo_notices":[],"jetpack_featured_media_url":"https:\/\/defiendase.com\/wp-content\/uploads\/2026\/03\/IMG_5158.jpeg","post_mailing_queue_ids":[],"_links":{"self":[{"href":"https:\/\/defiendase.com\/index.php\/wp-json\/wp\/v2\/posts\/7105"}],"collection":[{"href":"https:\/\/defiendase.com\/index.php\/wp-json\/wp\/v2\/posts"}],"about":[{"href":"https:\/\/defiendase.com\/index.php\/wp-json\/wp\/v2\/types\/post"}],"author":[{"embeddable":true,"href":"https:\/\/defiendase.com\/index.php\/wp-json\/wp\/v2\/users\/4"}],"replies":[{"embeddable":true,"href":"https:\/\/defiendase.com\/index.php\/wp-json\/wp\/v2\/comments?post=7105"}],"version-history":[{"count":1,"href":"https:\/\/defiendase.com\/index.php\/wp-json\/wp\/v2\/posts\/7105\/revisions"}],"predecessor-version":[{"id":7108,"href":"https:\/\/defiendase.com\/index.php\/wp-json\/wp\/v2\/posts\/7105\/revisions\/7108"}],"wp:featuredmedia":[{"embeddable":true,"href":"https:\/\/defiendase.com\/index.php\/wp-json\/wp\/v2\/media\/7106"}],"wp:attachment":[{"href":"https:\/\/defiendase.com\/index.php\/wp-json\/wp\/v2\/media?parent=7105"}],"wp:term":[{"taxonomy":"category","embeddable":true,"href":"https:\/\/defiendase.com\/index.php\/wp-json\/wp\/v2\/categories?post=7105"},{"taxonomy":"post_tag","embeddable":true,"href":"https:\/\/defiendase.com\/index.php\/wp-json\/wp\/v2\/tags?post=7105"}],"curies":[{"name":"wp","href":"https:\/\/api.w.org\/{rel}","templated":true}]}}