{"id":7099,"date":"2026-03-12T15:10:19","date_gmt":"2026-03-12T18:10:19","guid":{"rendered":"https:\/\/defiendase.com\/?p=7099"},"modified":"2026-03-12T15:28:51","modified_gmt":"2026-03-12T18:28:51","slug":"senadores-millonarios-nuevo-aumento-de-sueldo-en-la-camara-alta","status":"publish","type":"post","link":"https:\/\/defiendase.com\/index.php\/senadores-millonarios-nuevo-aumento-de-sueldo-en-la-camara-alta\/","title":{"rendered":"Senadores millonarios: nuevo aumento de sueldo en la C\u00e1mara Alta"},"content":{"rendered":"\n<p>En un hecho que contrasta fuertemente con la muletilla de Javier Milei de que \u00abel ajuste lo va a hacer la casta\u00bb, los senadores volvieron a quedar en el centro de la pol\u00e9mica. Es porque gracias a la aplicaci\u00f3n de los \u00faltimos acuerdos paritarios del sector legislativo, tendr\u00e1n un aumento salarial que llevar\u00e1 sus sueldos brutos a m\u00e1s de 11 millones de pesos por mes en mayo.<\/p>\n\n\n\n<p>El ajuste, que ronda el 9,4% total para el tramo final de lo acordado, se desprende del acuerdo que vincula los ingresos de los legisladores con los aumentos obtenidos por los gremios del Congreso.&nbsp; Con esta actualizaci\u00f3n, un senador percibir\u00e1 aproximadamente $11.600.000, sin contar otros adicionales por desarraigo o gastos de representaci\u00f3n.<\/p>\n\n\n\n<p>Cabe recordar que los senadores deben aprobar en el recinto este aumento y pueden incluso renunciar a \u00e9l si lo consideran excesivo o decidir donar parte de su salario. En esta l\u00ednea, Victoria Villarruel, la titular de la C\u00e1mara, se deslig\u00f3: \u00abA los operadores malintencionados: como vicepresidenta no soy senadora y no decido cu\u00e1nto cobran. Eso lo deciden ellos. Tampoco decido cu\u00e1ntos asesores tienen y qu\u00e9 sueldos les pagan. Solo puedo ofrecer que el aumento que cobran en las paritarias de los trabajadores lo donen a la Fundaci\u00f3n del Hospital de Ni\u00f1os Ricardo Guti\u00e9rrez, con la que firmamos un convenio. Y queda a criterio de cada senador donar o cobrar el aumento\u00bb, escribi\u00f3 en redes.<\/p>\n","protected":false},"excerpt":{"rendered":"<p>En un hecho que contrasta fuertemente con la muletilla de Javier Milei de que \u00abel<\/p>\n","protected":false},"author":4,"featured_media":7101,"comment_status":"open","ping_status":"open","sticky":false,"template":"","format":"standard","meta":{"om_disable_all_campaigns":false,"_monsterinsights_skip_tracking":false,"_monsterinsights_sitenote_active":false,"_monsterinsights_sitenote_note":"","_monsterinsights_sitenote_category":0},"categories":[263],"tags":[],"aioseo_notices":[],"jetpack_featured_media_url":"https:\/\/defiendase.com\/wp-content\/uploads\/2026\/03\/senado2.jpg-1-scaled.jpeg","post_mailing_queue_ids":[],"_links":{"self":[{"href":"https:\/\/defiendase.com\/index.php\/wp-json\/wp\/v2\/posts\/7099"}],"collection":[{"href":"https:\/\/defiendase.com\/index.php\/wp-json\/wp\/v2\/posts"}],"about":[{"href":"https:\/\/defiendase.com\/index.php\/wp-json\/wp\/v2\/types\/post"}],"author":[{"embeddable":true,"href":"https:\/\/defiendase.com\/index.php\/wp-json\/wp\/v2\/users\/4"}],"replies":[{"embeddable":true,"href":"https:\/\/defiendase.com\/index.php\/wp-json\/wp\/v2\/comments?post=7099"}],"version-history":[{"count":1,"href":"https:\/\/defiendase.com\/index.php\/wp-json\/wp\/v2\/posts\/7099\/revisions"}],"predecessor-version":[{"id":7102,"href":"https:\/\/defiendase.com\/index.php\/wp-json\/wp\/v2\/posts\/7099\/revisions\/7102"}],"wp:featuredmedia":[{"embeddable":true,"href":"https:\/\/defiendase.com\/index.php\/wp-json\/wp\/v2\/media\/7101"}],"wp:attachment":[{"href":"https:\/\/defiendase.com\/index.php\/wp-json\/wp\/v2\/media?parent=7099"}],"wp:term":[{"taxonomy":"category","embeddable":true,"href":"https:\/\/defiendase.com\/index.php\/wp-json\/wp\/v2\/categories?post=7099"},{"taxonomy":"post_tag","embeddable":true,"href":"https:\/\/defiendase.com\/index.php\/wp-json\/wp\/v2\/tags?post=7099"}],"curies":[{"name":"wp","href":"https:\/\/api.w.org\/{rel}","templated":true}]}}