{"id":7094,"date":"2026-03-11T14:39:14","date_gmt":"2026-03-11T17:39:14","guid":{"rendered":"https:\/\/defiendase.com\/?p=7094"},"modified":"2026-03-11T14:39:17","modified_gmt":"2026-03-11T17:39:17","slug":"causa-cuadernos-reves-para-cristina-que-debe-declarar-el-martes-en-forma-presencial","status":"publish","type":"post","link":"https:\/\/defiendase.com\/index.php\/causa-cuadernos-reves-para-cristina-que-debe-declarar-el-martes-en-forma-presencial\/","title":{"rendered":"Causa Cuadernos: Rev\u00e9s para Cristina, que debe declarar el martes en forma presencial"},"content":{"rendered":"\n<p>El Tribunal Oral Federal 7 despej\u00f3 el camino para la continuidad del juicio de la \u00abCausa Cuadernos\u00bb y, tras rechazar los pedidos de nulidad hechos por su defensa, cit\u00f3 a Cristina Kirchner a declarar de forma presencial el pr\u00f3ximo martes.<\/p>\n\n\n\n<p>Con esta decisi\u00f3n, la expresidenta, que ya est\u00e1 condenada y detenida por la causa Vialidad, volver\u00e1 a sentarse en el banquillo de los acusados. A diferencia de las audiencias previas que fueron de forma virtual, el tribunal dispuso que para la etapa de indagatorias los imputados deban asistir de manera presencial a los tribunales de Comodoro Py.<\/p>\n\n\n\n<p>Cristina est\u00e1 acusada de ser jefa de una asociaci\u00f3n il\u00edcita que mont\u00f3 una compleja estructura de recaudaci\u00f3n de coimas entre 2003 y 2015. Adem\u00e1s la fiscal\u00eda le atribuye m\u00e1s de 200 hechos de recepci\u00f3n de sobornos. Seg\u00fan la investigaci\u00f3n, basada originalmente en los manuscritos del ex chofer Oscar Centeno, empresarios de la construcci\u00f3n y el sector energ\u00e9tico pagaban retornos a cambio de contratos estatales.<\/p>\n\n\n\n<p>El rechazo a las nulidades se dio en una audiencia con fuertes cruces. El abogado de la expresidenta, Carlos Beraldi, cuestion\u00f3 duramente las declaraciones de Javier Milei, que en la apertura de sesiones ordinarias dio por sentada la culpabilidad de Kirchner. Sin embargo, desde el Tribunal rechazaron las sospechas de parcialidad&nbsp; y \u00abpersecuci\u00f3n judicial\u00bb .<\/p>\n\n\n\n<p>En paralelo, el traslado de Cristina a declarar generar\u00e1 movilizaciones y tensi\u00f3n en las calles. La C\u00e1mpora y otras organizaciones kirchneristas ya anticiparon que seguramente marchar\u00e1n a los tribunales de Retiro para apoyar a su l\u00edder.<\/p>\n\n\n\n<p>La expresidenta otra vez en el banquillo, con revuelo pol\u00edtico asegurado.<\/p>\n","protected":false},"excerpt":{"rendered":"<p>El Tribunal Oral Federal 7 despej\u00f3 el camino para la continuidad del juicio de la<\/p>\n","protected":false},"author":4,"featured_media":7095,"comment_status":"open","ping_status":"open","sticky":false,"template":"","format":"standard","meta":{"om_disable_all_campaigns":false,"_monsterinsights_skip_tracking":false,"_monsterinsights_sitenote_active":false,"_monsterinsights_sitenote_note":"","_monsterinsights_sitenote_category":0},"categories":[263],"tags":[],"aioseo_notices":[],"jetpack_featured_media_url":"https:\/\/defiendase.com\/wp-content\/uploads\/2026\/03\/cristina-balc.webp","post_mailing_queue_ids":[],"_links":{"self":[{"href":"https:\/\/defiendase.com\/index.php\/wp-json\/wp\/v2\/posts\/7094"}],"collection":[{"href":"https:\/\/defiendase.com\/index.php\/wp-json\/wp\/v2\/posts"}],"about":[{"href":"https:\/\/defiendase.com\/index.php\/wp-json\/wp\/v2\/types\/post"}],"author":[{"embeddable":true,"href":"https:\/\/defiendase.com\/index.php\/wp-json\/wp\/v2\/users\/4"}],"replies":[{"embeddable":true,"href":"https:\/\/defiendase.com\/index.php\/wp-json\/wp\/v2\/comments?post=7094"}],"version-history":[{"count":1,"href":"https:\/\/defiendase.com\/index.php\/wp-json\/wp\/v2\/posts\/7094\/revisions"}],"predecessor-version":[{"id":7096,"href":"https:\/\/defiendase.com\/index.php\/wp-json\/wp\/v2\/posts\/7094\/revisions\/7096"}],"wp:featuredmedia":[{"embeddable":true,"href":"https:\/\/defiendase.com\/index.php\/wp-json\/wp\/v2\/media\/7095"}],"wp:attachment":[{"href":"https:\/\/defiendase.com\/index.php\/wp-json\/wp\/v2\/media?parent=7094"}],"wp:term":[{"taxonomy":"category","embeddable":true,"href":"https:\/\/defiendase.com\/index.php\/wp-json\/wp\/v2\/categories?post=7094"},{"taxonomy":"post_tag","embeddable":true,"href":"https:\/\/defiendase.com\/index.php\/wp-json\/wp\/v2\/tags?post=7094"}],"curies":[{"name":"wp","href":"https:\/\/api.w.org\/{rel}","templated":true}]}}