{"id":6908,"date":"2026-01-28T12:36:25","date_gmt":"2026-01-28T15:36:25","guid":{"rendered":"https:\/\/defiendase.com\/?p=6908"},"modified":"2026-01-28T12:36:30","modified_gmt":"2026-01-28T15:36:30","slug":"el-gobierno-festejo-un-record-historico-expulsiones-de-extranjeros-sospechosos","status":"publish","type":"post","link":"https:\/\/defiendase.com\/index.php\/el-gobierno-festejo-un-record-historico-expulsiones-de-extranjeros-sospechosos\/","title":{"rendered":"El Gobierno festej\u00f3 un r\u00e9cord hist\u00f3rico expulsiones de extranjeros sospechosos"},"content":{"rendered":"\n<p>El Gobierno nacional inform\u00f3 que en los \u00faltimos dos meses se registr\u00f3 un pico sin precedentes en la cantidad de extranjeros rechazados al intentar ingresar o expulsados del pa\u00eds, una cifra que el Ministerio de Seguridad calific\u00f3 como \u201cr\u00e9cord\u201d en operativos migratorios.<\/p>\n\n\n\n<p>Seg\u00fan los datos oficiales, cerca de 5.000 personas fueron inadmitidas, expulsadas, capturadas o extraditadas entre diciembre y enero en puertos, aeropuertos y pasos fronterizos. Todo como resultado del refuerzo de los controles en los principales puntos de ingreso al pa\u00eds.<\/p>\n\n\n\n<p>La ministra de Seguridad, Alejandra Monteoliva, explic\u00f3 que durante diciembre se contabilizaron aproximadamente 2.400 casos, y en lo que va de enero otros 2.300. Se trata de personas con antecedentes penales, involucradas en delitos o en situaci\u00f3n irregular.<\/p>\n\n\n\n<p>Pero las expulsiones no solo son en las fronteras. En paralelo a los controles en los pasos internacionales, la Polic\u00eda Federal realiz\u00f3 operativos en zonas urbanas. En Villa Celina, por ejemplo, se detect\u00f3 a decenas de personas en situaci\u00f3n irregular que fueron intimadas y pueden ser expulsadas si no hacen los tr\u00e1mites correspondientes en el plazo que les dieron.<\/p>\n\n\n\n<figure class=\"wp-block-video\"><video controls src=\"https:\/\/defiendase.com\/wp-content\/uploads\/2026\/01\/ssstwitter.com_1769614191106.mp4\"><\/video><\/figure>\n\n\n\n<p>Desde el Ministerio de Seguridad sostienen que el endurecimiento de los controles forma parte de una estrategia m\u00e1s amplia para fortalecer el cumplimiento de las leyes migratorias y la seguridad interior, y que estos resultados son la consecuencia directa de la intensificaci\u00f3n de los operativos en los \u00faltimos meses<\/p>\n\n\n\n<p><\/p>\n","protected":false},"excerpt":{"rendered":"<p>El Gobierno nacional inform\u00f3 que en los \u00faltimos dos meses se registr\u00f3 un pico sin<\/p>\n","protected":false},"author":4,"featured_media":6912,"comment_status":"open","ping_status":"open","sticky":false,"template":"","format":"standard","meta":{"om_disable_all_campaigns":false,"_monsterinsights_skip_tracking":false,"_monsterinsights_sitenote_active":false,"_monsterinsights_sitenote_note":"","_monsterinsights_sitenote_category":0},"categories":[263],"tags":[],"aioseo_notices":[],"jetpack_featured_media_url":"https:\/\/defiendase.com\/wp-content\/uploads\/2026\/01\/image-9.png","post_mailing_queue_ids":[],"_links":{"self":[{"href":"https:\/\/defiendase.com\/index.php\/wp-json\/wp\/v2\/posts\/6908"}],"collection":[{"href":"https:\/\/defiendase.com\/index.php\/wp-json\/wp\/v2\/posts"}],"about":[{"href":"https:\/\/defiendase.com\/index.php\/wp-json\/wp\/v2\/types\/post"}],"author":[{"embeddable":true,"href":"https:\/\/defiendase.com\/index.php\/wp-json\/wp\/v2\/users\/4"}],"replies":[{"embeddable":true,"href":"https:\/\/defiendase.com\/index.php\/wp-json\/wp\/v2\/comments?post=6908"}],"version-history":[{"count":1,"href":"https:\/\/defiendase.com\/index.php\/wp-json\/wp\/v2\/posts\/6908\/revisions"}],"predecessor-version":[{"id":6913,"href":"https:\/\/defiendase.com\/index.php\/wp-json\/wp\/v2\/posts\/6908\/revisions\/6913"}],"wp:featuredmedia":[{"embeddable":true,"href":"https:\/\/defiendase.com\/index.php\/wp-json\/wp\/v2\/media\/6912"}],"wp:attachment":[{"href":"https:\/\/defiendase.com\/index.php\/wp-json\/wp\/v2\/media?parent=6908"}],"wp:term":[{"taxonomy":"category","embeddable":true,"href":"https:\/\/defiendase.com\/index.php\/wp-json\/wp\/v2\/categories?post=6908"},{"taxonomy":"post_tag","embeddable":true,"href":"https:\/\/defiendase.com\/index.php\/wp-json\/wp\/v2\/tags?post=6908"}],"curies":[{"name":"wp","href":"https:\/\/api.w.org\/{rel}","templated":true}]}}