{"id":6905,"date":"2026-01-27T12:20:28","date_gmt":"2026-01-27T15:20:28","guid":{"rendered":"https:\/\/defiendase.com\/?p=6905"},"modified":"2026-01-27T12:20:30","modified_gmt":"2026-01-27T15:20:30","slug":"el-congreso-debatira-la-baja-de-la-edad-de-imputabilidad-en-febrero","status":"publish","type":"post","link":"https:\/\/defiendase.com\/index.php\/el-congreso-debatira-la-baja-de-la-edad-de-imputabilidad-en-febrero\/","title":{"rendered":"El Congreso debatir\u00e1 la baja de la edad de imputabilidad en febrero"},"content":{"rendered":"\n<p>A d\u00edas de que el Congreso retome a pleno las sesiones, el Gobierno nacional confirm\u00f3 la incorporaci\u00f3n del proyecto de Ley Penal Juvenil al temario de las extraordinarias de febrero.<\/p>\n\n\n\n<p>La decisi\u00f3n fue tomada en una reuni\u00f3n de la mesa pol\u00edtica en Casa Rosada y, horas despu\u00e9s, el propio presidente Javier Milei la reafirm\u00f3 en Mar del Plata. \u00abVamos a tener leyes de pa\u00edses normales\u00bb, dijo en alusi\u00f3n a la baja de la edad de imputabilidad y a la reforma laboral.<\/p>\n\n\n\n<p>Justamente esas dos iniciativas se convertir\u00e1n en los puntos centrales del debate legislativo durante febrero. La nueva Ley Penal Juvenil propone bajar la edad de imputabilidad a 14 a\u00f1os (e incluso a 13, si el oficialismo consigue adhesiones), cuando actualmente est\u00e1 en 16. Esta avanzada legislativa se da despu\u00e9s de que en las \u00faltimas semanas se conocieran varios hechos delictivos protagonizados por menores de edad que por ahora no son imputables.<\/p>\n\n\n\n<p>La inclusi\u00f3n en extraordinarias implica que el Gobierno apuesta por una tramitaci\u00f3n acelerada del tema. Desde que Milei asumi\u00f3 el poder, el oficialismo remarc\u00f3 la necesidad de responder con mayor firmeza al incremento de hechos delictivos cometidos por menores. \u00abDelitos de adultos requieren penas de adultos\u00bb, repiti\u00f3 varias veces el presidente en entrevistas y discursos.<\/p>\n\n\n\n<p>Adem\u00e1s del punto sobre imputabilidad, el proyecto en discusi\u00f3n busca integrar un r\u00e9gimen penal juvenil amplio, con c\u00e1rceles exclusivas para menores, cambios en la visi\u00f3n de la responsabilidad penal y nuevos mecanismos de reinserci\u00f3n, aunque estos aspectos todav\u00eda est\u00e1n siendo negociados para ultimar el proyecto antes de su discusi\u00f3n en comisiones.<\/p>\n\n\n\n<p>El proyecto divide a la oposici\u00f3n, por lo que, pese a que se prev\u00e9 un debate acalorado por la sensibilidad del tema, las primeras impresiones indicar\u00edan que finalmente se convertir\u00e1 en ley. A eso apuesta Milei, que en el acto del lunes por la noche en Mar del Plata prometi\u00f3: \u201cVamos a cumplir todas nuestras promesas de campa\u00f1a antes de mitad de a\u00f1o\u201d.<\/p>\n\n\n\n<p><\/p>\n","protected":false},"excerpt":{"rendered":"<p>A d\u00edas de que el Congreso retome a pleno las sesiones, el Gobierno nacional confirm\u00f3<\/p>\n","protected":false},"author":4,"featured_media":6906,"comment_status":"open","ping_status":"open","sticky":false,"template":"","format":"standard","meta":{"om_disable_all_campaigns":false,"_monsterinsights_skip_tracking":false,"_monsterinsights_sitenote_active":false,"_monsterinsights_sitenote_note":"","_monsterinsights_sitenote_category":0},"categories":[9],"tags":[],"aioseo_notices":[],"jetpack_featured_media_url":"https:\/\/defiendase.com\/wp-content\/uploads\/2026\/01\/image-2.png","post_mailing_queue_ids":[],"_links":{"self":[{"href":"https:\/\/defiendase.com\/index.php\/wp-json\/wp\/v2\/posts\/6905"}],"collection":[{"href":"https:\/\/defiendase.com\/index.php\/wp-json\/wp\/v2\/posts"}],"about":[{"href":"https:\/\/defiendase.com\/index.php\/wp-json\/wp\/v2\/types\/post"}],"author":[{"embeddable":true,"href":"https:\/\/defiendase.com\/index.php\/wp-json\/wp\/v2\/users\/4"}],"replies":[{"embeddable":true,"href":"https:\/\/defiendase.com\/index.php\/wp-json\/wp\/v2\/comments?post=6905"}],"version-history":[{"count":1,"href":"https:\/\/defiendase.com\/index.php\/wp-json\/wp\/v2\/posts\/6905\/revisions"}],"predecessor-version":[{"id":6907,"href":"https:\/\/defiendase.com\/index.php\/wp-json\/wp\/v2\/posts\/6905\/revisions\/6907"}],"wp:featuredmedia":[{"embeddable":true,"href":"https:\/\/defiendase.com\/index.php\/wp-json\/wp\/v2\/media\/6906"}],"wp:attachment":[{"href":"https:\/\/defiendase.com\/index.php\/wp-json\/wp\/v2\/media?parent=6905"}],"wp:term":[{"taxonomy":"category","embeddable":true,"href":"https:\/\/defiendase.com\/index.php\/wp-json\/wp\/v2\/categories?post=6905"},{"taxonomy":"post_tag","embeddable":true,"href":"https:\/\/defiendase.com\/index.php\/wp-json\/wp\/v2\/tags?post=6905"}],"curies":[{"name":"wp","href":"https:\/\/api.w.org\/{rel}","templated":true}]}}