{"id":6896,"date":"2026-01-26T15:37:37","date_gmt":"2026-01-26T18:37:37","guid":{"rendered":"https:\/\/defiendase.com\/?p=6896"},"modified":"2026-01-26T16:07:12","modified_gmt":"2026-01-26T19:07:12","slug":"incendios-en-la-patagonia-la-ucr-pide-tipificar-el-ecocidio-en-el-codigo-penal","status":"publish","type":"post","link":"https:\/\/defiendase.com\/index.php\/incendios-en-la-patagonia-la-ucr-pide-tipificar-el-ecocidio-en-el-codigo-penal\/","title":{"rendered":"Incendios en la patagonia; La UCR pide \u201ctipificar\u201d el ecocidio en el C\u00f3digo Penal"},"content":{"rendered":"\n<p>En medio del fuego sin control que en las \u00faltimas semanas ya arras\u00f3 m\u00e1s de 15 mil hect\u00e1reas en Chubut, la Uni\u00f3n C\u00edvica Radical present\u00f3 una propuesta para que la figura penal del ecocidio sea incluida en la pr\u00f3xima reforma del C\u00f3digo Penal.<\/p>\n\n\n\n<p>La iniciativa busca establecer sanciones espec\u00edficas para quienes provoquen da\u00f1os ambientales de gran magnitud, con especial \u00e9nfasis en los incendios forestales, no importa si de forma accidental o intencional.<\/p>\n\n\n\n<p>La propuesta contempla que el nuevo delito sea parte de un paquete m\u00e1s amplio de reformas que incluir\u00eda otros delitos ambientales y ajustes a penas existentes.<\/p>\n\n\n\n<p>En paralelo, el radicalismo tambi\u00e9n cuestion\u00f3 al Poder Ejecutivo nacional por la subejecuci\u00f3n del Plan Nacional de Manejo del Fuego y advirti\u00f3 que solo se ejecut\u00f3 aproximadamente el 25% del presupuesto asignado.<\/p>\n\n\n\n<p>El debate de la reforma del c\u00f3digo penal qued\u00f3 postergado en la sesiones extraordinarias que empiezan en febrero y se especula con que su discusi\u00f3n y pposterior tratamiento se dar\u00e1n reci\u00e9n en marzo, cuando arrranque formalmente el a\u00f1o legislativo.<\/p>\n\n\n\n<p>Mientras tanto, y a la espera de que sus reclamos sean atendidos, la UCR tambi\u00e9n lanz\u00f3 una campa\u00f1a solidaria destinada a ayudar a la Federaci\u00f3n de Bomberos Voluntarios de Chubut, y ya se recaudaron m\u00e1s de 7 millones de pesos<\/p>\n","protected":false},"excerpt":{"rendered":"<p>En medio del fuego sin control que en las \u00faltimas semanas ya arras\u00f3 m\u00e1s de<\/p>\n","protected":false},"author":4,"featured_media":6897,"comment_status":"open","ping_status":"open","sticky":false,"template":"","format":"standard","meta":{"om_disable_all_campaigns":false,"_monsterinsights_skip_tracking":false,"_monsterinsights_sitenote_active":false,"_monsterinsights_sitenote_note":"","_monsterinsights_sitenote_category":0},"categories":[263],"tags":[],"aioseo_notices":[],"jetpack_featured_media_url":"https:\/\/defiendase.com\/wp-content\/uploads\/2026\/01\/WhatsApp-Image-2026-01-26-at-10.14.59.jpeg","post_mailing_queue_ids":[],"_links":{"self":[{"href":"https:\/\/defiendase.com\/index.php\/wp-json\/wp\/v2\/posts\/6896"}],"collection":[{"href":"https:\/\/defiendase.com\/index.php\/wp-json\/wp\/v2\/posts"}],"about":[{"href":"https:\/\/defiendase.com\/index.php\/wp-json\/wp\/v2\/types\/post"}],"author":[{"embeddable":true,"href":"https:\/\/defiendase.com\/index.php\/wp-json\/wp\/v2\/users\/4"}],"replies":[{"embeddable":true,"href":"https:\/\/defiendase.com\/index.php\/wp-json\/wp\/v2\/comments?post=6896"}],"version-history":[{"count":1,"href":"https:\/\/defiendase.com\/index.php\/wp-json\/wp\/v2\/posts\/6896\/revisions"}],"predecessor-version":[{"id":6901,"href":"https:\/\/defiendase.com\/index.php\/wp-json\/wp\/v2\/posts\/6896\/revisions\/6901"}],"wp:featuredmedia":[{"embeddable":true,"href":"https:\/\/defiendase.com\/index.php\/wp-json\/wp\/v2\/media\/6897"}],"wp:attachment":[{"href":"https:\/\/defiendase.com\/index.php\/wp-json\/wp\/v2\/media?parent=6896"}],"wp:term":[{"taxonomy":"category","embeddable":true,"href":"https:\/\/defiendase.com\/index.php\/wp-json\/wp\/v2\/categories?post=6896"},{"taxonomy":"post_tag","embeddable":true,"href":"https:\/\/defiendase.com\/index.php\/wp-json\/wp\/v2\/tags?post=6896"}],"curies":[{"name":"wp","href":"https:\/\/api.w.org\/{rel}","templated":true}]}}