{"id":6880,"date":"2026-01-21T12:06:00","date_gmt":"2026-01-21T15:06:00","guid":{"rendered":"https:\/\/defiendase.com\/?p=6880"},"modified":"2026-01-21T12:06:03","modified_gmt":"2026-01-21T15:06:03","slug":"la-justicia-le-ordeno-al-gobierno-que-aplique-la-ley-de-emergencia-en-discapacidad","status":"publish","type":"post","link":"https:\/\/defiendase.com\/index.php\/la-justicia-le-ordeno-al-gobierno-que-aplique-la-ley-de-emergencia-en-discapacidad\/","title":{"rendered":"La Justicia le orden\u00f3 al Gobierno que aplique la Ley de Emergencia en Discapacidad"},"content":{"rendered":"\n<p>En el arranque del a\u00f1o, cuando todo el foco est\u00e1 puesto en la Reforma Laboral, el Gobierno recibi\u00f3 un rev\u00e9s de la justicia con la Ley de Discapacidad. Un fallo con alcance nacional obliga al Ejecutivo a dar pasos concretos para poner en marcha la norma que fue aprobada por el Congreso, vetada por Milei y reafirmada por el parlamento, pero que nunca se reglament\u00f3.&nbsp;<\/p>\n\n\n\n<p>El juez federal de Campana, Adri\u00e1n Gonz\u00e1lez Charbay, intim\u00f3 al Estado a garantizar el cumplimiento de la ley y puso plazo: tiene que ser antes del 4 de febrero. El fallo responde a una presentaci\u00f3n colectiva de familiares de personas con discapacidad y organizaciones civiles.<\/p>\n\n\n\n<p>La resoluci\u00f3n judicial, dictada en plena feria, declara inv\u00e1lida la suspensi\u00f3n de la aplicaci\u00f3n de la ley que el Gobierno hab\u00eda dispuesto por medio del Decreto 681\/25 y ordena que la normativa entre en plena vigencia, incluso mientras la C\u00e1mara Federal de San Mart\u00edn analiza una apelaci\u00f3n del Ejecutivo.<\/p>\n\n\n\n<p>La Ley de Emergencia en Discapacidad fue sancionada por el Senado el 10 de junio de 2025 y, tras ser vetada por el presidente, el Congreso la reafirm\u00f3 con el apoyo de una mayor\u00eda calificada. Sin embargo, el Poder Ejecutivo condicion\u00f3 su aplicaci\u00f3n a la definici\u00f3n de las fuentes de financiamiento, una decisi\u00f3n que el juez calific\u00f3 como un \u201cveto encubierto\u201d y un exceso de sus facultades constitucionales.<\/p>\n\n\n\n<p>Gonz\u00e1lez Charbay enfatiz\u00f3 que la norma faculta al Jefe de Gabinete a reasignar partidas presupuestarias para su ejecuci\u00f3n y cuestion\u00f3 al Ejecutivo por haber realizado numerosas modificaciones con el presupuesto prorrogado, aun cuando alegaba falta de fondos para aplicar la ley.<\/p>\n\n\n\n<p>El Gobierno a\u00fan tiene la opci\u00f3n de recurrir a instancias superiores, pero mientras tanto, la obligaci\u00f3n de empezar a aplicar la ley se mantiene.<\/p>\n","protected":false},"excerpt":{"rendered":"<p>En el arranque del a\u00f1o, cuando todo el foco est\u00e1 puesto en la Reforma Laboral,<\/p>\n","protected":false},"author":4,"featured_media":6881,"comment_status":"open","ping_status":"open","sticky":false,"template":"","format":"standard","meta":{"om_disable_all_campaigns":false,"_monsterinsights_skip_tracking":false,"_monsterinsights_sitenote_active":false,"_monsterinsights_sitenote_note":"","_monsterinsights_sitenote_category":0},"categories":[17],"tags":[],"aioseo_notices":[],"jetpack_featured_media_url":"https:\/\/defiendase.com\/wp-content\/uploads\/2026\/01\/IMG_3622.jpeg","post_mailing_queue_ids":[],"_links":{"self":[{"href":"https:\/\/defiendase.com\/index.php\/wp-json\/wp\/v2\/posts\/6880"}],"collection":[{"href":"https:\/\/defiendase.com\/index.php\/wp-json\/wp\/v2\/posts"}],"about":[{"href":"https:\/\/defiendase.com\/index.php\/wp-json\/wp\/v2\/types\/post"}],"author":[{"embeddable":true,"href":"https:\/\/defiendase.com\/index.php\/wp-json\/wp\/v2\/users\/4"}],"replies":[{"embeddable":true,"href":"https:\/\/defiendase.com\/index.php\/wp-json\/wp\/v2\/comments?post=6880"}],"version-history":[{"count":1,"href":"https:\/\/defiendase.com\/index.php\/wp-json\/wp\/v2\/posts\/6880\/revisions"}],"predecessor-version":[{"id":6882,"href":"https:\/\/defiendase.com\/index.php\/wp-json\/wp\/v2\/posts\/6880\/revisions\/6882"}],"wp:featuredmedia":[{"embeddable":true,"href":"https:\/\/defiendase.com\/index.php\/wp-json\/wp\/v2\/media\/6881"}],"wp:attachment":[{"href":"https:\/\/defiendase.com\/index.php\/wp-json\/wp\/v2\/media?parent=6880"}],"wp:term":[{"taxonomy":"category","embeddable":true,"href":"https:\/\/defiendase.com\/index.php\/wp-json\/wp\/v2\/categories?post=6880"},{"taxonomy":"post_tag","embeddable":true,"href":"https:\/\/defiendase.com\/index.php\/wp-json\/wp\/v2\/tags?post=6880"}],"curies":[{"name":"wp","href":"https:\/\/api.w.org\/{rel}","templated":true}]}}