{"id":6877,"date":"2026-01-20T11:03:07","date_gmt":"2026-01-20T14:03:07","guid":{"rendered":"https:\/\/defiendase.com\/?p=6877"},"modified":"2026-01-20T11:03:10","modified_gmt":"2026-01-20T14:03:10","slug":"falsas-denuncias-a-la-espera-de-una-ley-que-agrave-las-penas","status":"publish","type":"post","link":"https:\/\/defiendase.com\/index.php\/falsas-denuncias-a-la-espera-de-una-ley-que-agrave-las-penas\/","title":{"rendered":"Falsas denuncias: a la espera de una ley que agrave las penas"},"content":{"rendered":"\n<p>A fines del a\u00f1o pasado, la justicia de C\u00f3rdoba conden\u00f3 a una mujer de 29 a\u00f1os a tres a\u00f1os y cuatro meses de prisi\u00f3n efectiva tras comprobar que present\u00f3 m\u00faltiples denuncias falsas por violencia de g\u00e9nero contra varios hombres.<\/p>\n\n\n\n<p>La pena impuesta incluye condenas por coacci\u00f3n reiterada, lesiones leves, hurto y falso testimonio, entre otros delitos, seg\u00fan consta en la resoluci\u00f3n.<\/p>\n\n\n\n<p>En tribunales cordobeses se\u00f1alaron que la acumulaci\u00f3n de denuncias infundadas permiti\u00f3 a los investigadores detectar una reiteraci\u00f3n de conductas enga\u00f1osas, lo que reforz\u00f3 la decisi\u00f3n de aplicar prisi\u00f3n efectiva.<\/p>\n\n\n\n<p>Este hecho vuelve a abrir el debate sobre las falsas denuncias de violencia de g\u00e9nero con una premisa clara: no hay verdad judicial sin prueba ni hay justicia sin imparcialidad.<\/p>\n\n\n\n<p>En el Senado ya tiene dictamen dictamen una iniciativa presentada por la senadora Carolina Losada para elevar las penas contra las falsas denuncias y lograr una adecuada tipificaci\u00f3n del delito que se corresponda con sus devastadores efectos. Sin embargo, la c\u00e1mara alta no debati\u00f3 el proyecto el a\u00f1o pasado.<\/p>\n\n\n\n<p>&nbsp;\u00abLas falsas denuncias son acusaciones aberrantes basadas en mentiras con un desprecio absoluto por la verdad que no tienen consecuencias legales inmediatas, que no tienen carga probatoria o que es falsa, que buscan provocar un da\u00f1o y que generan exclusi\u00f3n, rechazo, condena social, escraches y acoso selectivo. Este tipo de delito provoca verg\u00fcenza, depresi\u00f3n, miedo e incluso puede llevar tristemente al suicidio\u00bb, describe Andrea Guacci, integrante del Frente de Mujeres contra las Falsas Denuncias. .<\/p>\n\n\n\n<p>Debido a sus consecuencias, no deben ser tomadas a la ligera. \u00abSon un crimen\u00bb, dice tajante la mujer que experiment\u00f3 esa situaci\u00f3n en carne propia. Y explica que las denuncias suelen hacerse por venganza, para ocultar infidelidades, para extorsionar o&nbsp; para quitarle un puesto laboral a alguien. \u00abLo grave es que no existen pruebas contundentes pero la justicia se suele basar en el relato del denunciante y no hay investigaci\u00f3n\u00bb, agrega.<\/p>\n\n\n\n<p>Son m\u00faltiples los casos en los que, en un contexto de alta sensibilidad por la violencia de g\u00e9nero, estas falsas denuncias prosperan sin una debida investigaci\u00f3n que las desacredite. Esto termina arruinando la vida de familias enteras y promoviendo la idea de una justicia que, por comodidad, elige no ser justicia.<\/p>\n","protected":false},"excerpt":{"rendered":"<p>A fines del a\u00f1o pasado, la justicia de C\u00f3rdoba conden\u00f3 a una mujer de 29<\/p>\n","protected":false},"author":4,"featured_media":6878,"comment_status":"open","ping_status":"open","sticky":false,"template":"","format":"standard","meta":{"om_disable_all_campaigns":false,"_monsterinsights_skip_tracking":false,"_monsterinsights_sitenote_active":false,"_monsterinsights_sitenote_note":"","_monsterinsights_sitenote_category":0},"categories":[9],"tags":[],"aioseo_notices":[],"jetpack_featured_media_url":"https:\/\/defiendase.com\/wp-content\/uploads\/2026\/01\/congreso6.webp","post_mailing_queue_ids":[],"_links":{"self":[{"href":"https:\/\/defiendase.com\/index.php\/wp-json\/wp\/v2\/posts\/6877"}],"collection":[{"href":"https:\/\/defiendase.com\/index.php\/wp-json\/wp\/v2\/posts"}],"about":[{"href":"https:\/\/defiendase.com\/index.php\/wp-json\/wp\/v2\/types\/post"}],"author":[{"embeddable":true,"href":"https:\/\/defiendase.com\/index.php\/wp-json\/wp\/v2\/users\/4"}],"replies":[{"embeddable":true,"href":"https:\/\/defiendase.com\/index.php\/wp-json\/wp\/v2\/comments?post=6877"}],"version-history":[{"count":1,"href":"https:\/\/defiendase.com\/index.php\/wp-json\/wp\/v2\/posts\/6877\/revisions"}],"predecessor-version":[{"id":6879,"href":"https:\/\/defiendase.com\/index.php\/wp-json\/wp\/v2\/posts\/6877\/revisions\/6879"}],"wp:featuredmedia":[{"embeddable":true,"href":"https:\/\/defiendase.com\/index.php\/wp-json\/wp\/v2\/media\/6878"}],"wp:attachment":[{"href":"https:\/\/defiendase.com\/index.php\/wp-json\/wp\/v2\/media?parent=6877"}],"wp:term":[{"taxonomy":"category","embeddable":true,"href":"https:\/\/defiendase.com\/index.php\/wp-json\/wp\/v2\/categories?post=6877"},{"taxonomy":"post_tag","embeddable":true,"href":"https:\/\/defiendase.com\/index.php\/wp-json\/wp\/v2\/tags?post=6877"}],"curies":[{"name":"wp","href":"https:\/\/api.w.org\/{rel}","templated":true}]}}