{"id":6795,"date":"2025-12-23T11:48:46","date_gmt":"2025-12-23T14:48:46","guid":{"rendered":"https:\/\/defiendase.com\/?p=6795"},"modified":"2025-12-23T11:48:49","modified_gmt":"2025-12-23T14:48:49","slug":"la-cgt-anticipa-que-judicializara-la-reforma-laboral","status":"publish","type":"post","link":"https:\/\/defiendase.com\/index.php\/la-cgt-anticipa-que-judicializara-la-reforma-laboral\/","title":{"rendered":"La CGT anticipa que judicializar\u00e1 la Reforma Laboral"},"content":{"rendered":"\n<p>\u00abVan a tener muchos l\u00edos. Esta reforma tiene violaciones a conceptos de car\u00e1cter constitucional y a la vuelta de la esquina se van a chocar contra otra pared de nuevo\u00bb. La advertencia es del nuevo l\u00edder de la CGT, Jorge Sola y el claro destinatario es el Gobierno nacional. La central obrera ya dise\u00f1a un plan de acci\u00f3n que combina presi\u00f3n pol\u00edtica y una &nbsp;ofensiva judicial frente al proyecto de reforma laboral que impulsa Javier Milei. Y anticiparon que, si el proyecto avanza en el Congreso sin modificaciones sustanciales, recurrir\u00e1n a los tribunales para impugnar art\u00edculos que consideran incompatibles con la Constituci\u00f3n y con convenios internacionales.<\/p>\n\n\n\n<p>Pero tambi\u00e9n los sindicalistas buscar\u00e1n influir sobre los senadores que deben tratar la iniciativa en febrero. &nbsp;Sola confirm\u00f3 que profundizar\u00e1 el di\u00e1logo con legisladores de distintos bloques para introducir cambios en el texto.&nbsp;<\/p>\n\n\n\n<p>Desde la CGT aseguran que la postergaci\u00f3n del debate para el segundo mes del a\u00f1o que viene dej\u00f3 en evidencia que el Gobierno no cuenta con los votos necesarios para aprobar la iniciativa en su versi\u00f3n original.&nbsp;<\/p>\n\n\n\n<p>Y en paralelo a la discusi\u00f3n pol\u00edtica, el equipo jur\u00eddico de la CGT ya trabaja sobre el articulado de la reforma. Se trata del mismo grupo de abogados que a fines de 2023 logr\u00f3 que la Justicia declarara inconstitucional el cap\u00edtulo laboral del DNU 70\/23, tras un amparo presentado por la central obrera.<\/p>\n\n\n\n<p>Entre los puntos que volver\u00edan a ser judicializados figura el art\u00edculo 88, que regula el derecho de huelga en sectores como transporte, educaci\u00f3n, salud y otras actividades consideradas esenciales o trascendentales. El texto fija niveles m\u00ednimos de prestaci\u00f3n del 75% para servicios esenciales y del 50% para los denominados trascendentales.<\/p>\n\n\n\n<p>Ese art\u00edculo, se\u00f1alan en la CGT, replica uno de los aspectos m\u00e1s cuestionados del DNU 70, que ya fue objetado por la justicia laboral. El argumento central es que la regulaci\u00f3n propuesta restringe el derecho de huelga m\u00e1s all\u00e1 de los l\u00edmites aceptados por los convenios de la Organizaci\u00f3n Internacional del Trabajo.<\/p>\n\n\n\n<p>La reforma laboral apenas tiene dictamen de comisi\u00f3n pero ya levanta muchos reparos. Desde el gobierno saben que pueden forzar su aprobaci\u00f3n con los nuevos n\u00fameros del Congreso, pero que despu\u00e9s aguarda la justicia y una catarata de presentaciones en tribunales que puede significar el final de la iniciativa antes de nacer.&nbsp;<\/p>\n","protected":false},"excerpt":{"rendered":"<p>\u00abVan a tener muchos l\u00edos. Esta reforma tiene violaciones a conceptos de car\u00e1cter constitucional y<\/p>\n","protected":false},"author":4,"featured_media":6796,"comment_status":"open","ping_status":"open","sticky":false,"template":"","format":"standard","meta":{"om_disable_all_campaigns":false,"_monsterinsights_skip_tracking":false,"_monsterinsights_sitenote_active":false,"_monsterinsights_sitenote_note":"","_monsterinsights_sitenote_category":0},"categories":[8],"tags":[],"aioseo_notices":[],"jetpack_featured_media_url":"https:\/\/defiendase.com\/wp-content\/uploads\/2025\/12\/IMG_1384.jpeg","post_mailing_queue_ids":[],"_links":{"self":[{"href":"https:\/\/defiendase.com\/index.php\/wp-json\/wp\/v2\/posts\/6795"}],"collection":[{"href":"https:\/\/defiendase.com\/index.php\/wp-json\/wp\/v2\/posts"}],"about":[{"href":"https:\/\/defiendase.com\/index.php\/wp-json\/wp\/v2\/types\/post"}],"author":[{"embeddable":true,"href":"https:\/\/defiendase.com\/index.php\/wp-json\/wp\/v2\/users\/4"}],"replies":[{"embeddable":true,"href":"https:\/\/defiendase.com\/index.php\/wp-json\/wp\/v2\/comments?post=6795"}],"version-history":[{"count":1,"href":"https:\/\/defiendase.com\/index.php\/wp-json\/wp\/v2\/posts\/6795\/revisions"}],"predecessor-version":[{"id":6797,"href":"https:\/\/defiendase.com\/index.php\/wp-json\/wp\/v2\/posts\/6795\/revisions\/6797"}],"wp:featuredmedia":[{"embeddable":true,"href":"https:\/\/defiendase.com\/index.php\/wp-json\/wp\/v2\/media\/6796"}],"wp:attachment":[{"href":"https:\/\/defiendase.com\/index.php\/wp-json\/wp\/v2\/media?parent=6795"}],"wp:term":[{"taxonomy":"category","embeddable":true,"href":"https:\/\/defiendase.com\/index.php\/wp-json\/wp\/v2\/categories?post=6795"},{"taxonomy":"post_tag","embeddable":true,"href":"https:\/\/defiendase.com\/index.php\/wp-json\/wp\/v2\/tags?post=6795"}],"curies":[{"name":"wp","href":"https:\/\/api.w.org\/{rel}","templated":true}]}}