{"id":6766,"date":"2025-12-11T15:28:43","date_gmt":"2025-12-11T18:28:43","guid":{"rendered":"https:\/\/defiendase.com\/?p=6766"},"modified":"2025-12-11T15:28:48","modified_gmt":"2025-12-11T18:28:48","slug":"barrueco-otra-vez-reelecto-frente-al-concejo-deliberante-de-avellaneda","status":"publish","type":"post","link":"https:\/\/defiendase.com\/index.php\/barrueco-otra-vez-reelecto-frente-al-concejo-deliberante-de-avellaneda\/","title":{"rendered":"Barrueco, otra vez reelecto frente al Concejo Deliberante de Avellaneda"},"content":{"rendered":"\n<p>El pasado 7 de septiembre, en una sesi\u00f3n hist\u00f3rica marcada por la jura de los nuevos concejales electos, Hugo Barrueco fue reelecto presidente del Concejo Deliberante de Avellaneda, cargo que asumir\u00e1 por tercera vez consecutiva tras recibir el respaldo un\u00e1nime de todos los concejales presentes.<\/p>\n\n\n\n<p>En su discurso, Barrueco destac\u00f3 la importancia del trabajo conjunto entre los distintos bloques pol\u00edticos, y subray\u00f3 la necesidad de generar acuerdos y consensos para contribuir al buen funcionamiento del municipio. \u00abHace 12 a\u00f1os que venimos trabajando con los distintos bloques pol\u00edticos, generando debates y buscando consensos para darle al intendente las herramientas que necesita para gobernar\u00bb, expres\u00f3 Barrueco, quien asumi\u00f3 nuevamente con un fuerte mensaje de unidad y di\u00e1logo.<\/p>\n\n\n\n<p>En cuanto a los cambios en la vicepresidencia, la Primera fue asignada a Jos\u00e9 Alessi, mientras que Marcelo Gutovich ocupar\u00e1 la Segunda Vicepresidencia, un equilibrio reflejo de la composici\u00f3n plural del cuerpo deliberativo.<\/p>\n\n\n\n<p>Adem\u00e1s, Barrueco aprovech\u00f3 la oportunidad para reconocer el trabajo de los concejales salientes y darle la bienvenida a los nuevos integrantes del cuerpo. \u00abQuiero reconocer a los concejales que hoy terminan su mandato y, al mismo tiempo, darle la bienvenida a los que hoy asumen. Los invito a empezar ya mismo a trabajar, siempre a disposici\u00f3n del bienestar de la gente de Avellaneda\u00bb, remarc\u00f3 el presidente reelecto, con un llamado a la acci\u00f3n inmediata en favor de la comunidad del municipio.<\/p>\n","protected":false},"excerpt":{"rendered":"<p>El pasado 7 de septiembre, en una sesi\u00f3n hist\u00f3rica marcada por la jura de los<\/p>\n","protected":false},"author":4,"featured_media":6767,"comment_status":"open","ping_status":"open","sticky":false,"template":"","format":"standard","meta":{"om_disable_all_campaigns":false,"_monsterinsights_skip_tracking":false,"_monsterinsights_sitenote_active":false,"_monsterinsights_sitenote_note":"","_monsterinsights_sitenote_category":0},"categories":[263],"tags":[],"aioseo_notices":[],"jetpack_featured_media_url":"https:\/\/defiendase.com\/wp-content\/uploads\/2025\/12\/IMG_2092.jpeg","post_mailing_queue_ids":[],"_links":{"self":[{"href":"https:\/\/defiendase.com\/index.php\/wp-json\/wp\/v2\/posts\/6766"}],"collection":[{"href":"https:\/\/defiendase.com\/index.php\/wp-json\/wp\/v2\/posts"}],"about":[{"href":"https:\/\/defiendase.com\/index.php\/wp-json\/wp\/v2\/types\/post"}],"author":[{"embeddable":true,"href":"https:\/\/defiendase.com\/index.php\/wp-json\/wp\/v2\/users\/4"}],"replies":[{"embeddable":true,"href":"https:\/\/defiendase.com\/index.php\/wp-json\/wp\/v2\/comments?post=6766"}],"version-history":[{"count":1,"href":"https:\/\/defiendase.com\/index.php\/wp-json\/wp\/v2\/posts\/6766\/revisions"}],"predecessor-version":[{"id":6768,"href":"https:\/\/defiendase.com\/index.php\/wp-json\/wp\/v2\/posts\/6766\/revisions\/6768"}],"wp:featuredmedia":[{"embeddable":true,"href":"https:\/\/defiendase.com\/index.php\/wp-json\/wp\/v2\/media\/6767"}],"wp:attachment":[{"href":"https:\/\/defiendase.com\/index.php\/wp-json\/wp\/v2\/media?parent=6766"}],"wp:term":[{"taxonomy":"category","embeddable":true,"href":"https:\/\/defiendase.com\/index.php\/wp-json\/wp\/v2\/categories?post=6766"},{"taxonomy":"post_tag","embeddable":true,"href":"https:\/\/defiendase.com\/index.php\/wp-json\/wp\/v2\/tags?post=6766"}],"curies":[{"name":"wp","href":"https:\/\/api.w.org\/{rel}","templated":true}]}}