{"id":6759,"date":"2025-12-09T12:46:55","date_gmt":"2025-12-09T15:46:55","guid":{"rendered":"https:\/\/defiendase.com\/?p=6759"},"modified":"2025-12-09T13:16:18","modified_gmt":"2025-12-09T16:16:18","slug":"oficializaron-los-aumentos-y-un-plus-para-el-servicio-domestico","status":"publish","type":"post","link":"https:\/\/defiendase.com\/index.php\/oficializaron-los-aumentos-y-un-plus-para-el-servicio-domestico\/","title":{"rendered":"Oficializaron los aumentos y un plus para el servicio dom\u00e9stico"},"content":{"rendered":"\n<p>El Gobierno public\u00f3 este martes en el Bolet\u00edn Oficial la resoluci\u00f3n que habilita las subas salariales acordadas en la \u00faltima negociaci\u00f3n paritaria del personal de casas particulares, y que impactan directamente en los sueldos de noviembre y diciembre. El texto tambi\u00e9n ratifica el pago de una suma fija no remunerativa, que ser\u00e1 liquidada junto con los haberes de ambos meses.<\/p>\n\n\n\n<p>Seg\u00fan lo acordado, en noviembre los salarios se actualizan un 1,4% sobre las remuneraciones de septiembre. A ese ajuste se sumar\u00e1 en diciembre un incremento adicional del 1,3%, aplicado sobre los valores de noviembre.<\/p>\n\n\n\n<p>Con este aumento, las tarifas horarias m\u00ednimas pasan a $3095,73 para personal con retiro y $3340,11, sin retiro. En modalidad mensual, el salario m\u00ednimo qued\u00f3 fijado en $379.784,94 para quienes tienen retiro y $422.316,42 para aquellos sin retiro.<\/p>\n\n\n\n<p>M\u00e1s all\u00e1 de las subas porcentuales, el Gobierno tambi\u00e9n confirm\u00f3 un plus no remunerativo para noviembre y diciembre, que funcionar\u00e1 como un refuerzo extraordinario de ingresos. El monto ser\u00e1 de $14.000 para quienes trabajen 16 horas o m\u00e1s por semana, $9000 entre 12 y 16 horas, y $6000 para empleados con menos de 12 horas semanales. La resoluci\u00f3n aclara, adem\u00e1s, que este adicional se integrar\u00e1 al salario como remunerativo a partir de enero de 2026, una diferencia respecto de los acuerdos anteriores, en los que los bonos quedaban fuera de la base salarial.<\/p>\n","protected":false},"excerpt":{"rendered":"<p>El Gobierno public\u00f3 este martes en el Bolet\u00edn Oficial la resoluci\u00f3n que habilita las subas<\/p>\n","protected":false},"author":4,"featured_media":6760,"comment_status":"open","ping_status":"open","sticky":false,"template":"","format":"standard","meta":{"om_disable_all_campaigns":false,"_monsterinsights_skip_tracking":false,"_monsterinsights_sitenote_active":false,"_monsterinsights_sitenote_note":"","_monsterinsights_sitenote_category":0},"categories":[8],"tags":[],"aioseo_notices":[],"jetpack_featured_media_url":"https:\/\/defiendase.com\/wp-content\/uploads\/2025\/12\/domestico.webp","post_mailing_queue_ids":[],"_links":{"self":[{"href":"https:\/\/defiendase.com\/index.php\/wp-json\/wp\/v2\/posts\/6759"}],"collection":[{"href":"https:\/\/defiendase.com\/index.php\/wp-json\/wp\/v2\/posts"}],"about":[{"href":"https:\/\/defiendase.com\/index.php\/wp-json\/wp\/v2\/types\/post"}],"author":[{"embeddable":true,"href":"https:\/\/defiendase.com\/index.php\/wp-json\/wp\/v2\/users\/4"}],"replies":[{"embeddable":true,"href":"https:\/\/defiendase.com\/index.php\/wp-json\/wp\/v2\/comments?post=6759"}],"version-history":[{"count":1,"href":"https:\/\/defiendase.com\/index.php\/wp-json\/wp\/v2\/posts\/6759\/revisions"}],"predecessor-version":[{"id":6761,"href":"https:\/\/defiendase.com\/index.php\/wp-json\/wp\/v2\/posts\/6759\/revisions\/6761"}],"wp:featuredmedia":[{"embeddable":true,"href":"https:\/\/defiendase.com\/index.php\/wp-json\/wp\/v2\/media\/6760"}],"wp:attachment":[{"href":"https:\/\/defiendase.com\/index.php\/wp-json\/wp\/v2\/media?parent=6759"}],"wp:term":[{"taxonomy":"category","embeddable":true,"href":"https:\/\/defiendase.com\/index.php\/wp-json\/wp\/v2\/categories?post=6759"},{"taxonomy":"post_tag","embeddable":true,"href":"https:\/\/defiendase.com\/index.php\/wp-json\/wp\/v2\/tags?post=6759"}],"curies":[{"name":"wp","href":"https:\/\/api.w.org\/{rel}","templated":true}]}}