{"id":6756,"date":"2025-12-09T12:37:10","date_gmt":"2025-12-09T15:37:10","guid":{"rendered":"https:\/\/defiendase.com\/?p=6756"},"modified":"2025-12-09T12:37:13","modified_gmt":"2025-12-09T15:37:13","slug":"el-gobierno-pone-primera-con-la-reforma-laboral-en-el-congreso","status":"publish","type":"post","link":"https:\/\/defiendase.com\/index.php\/el-gobierno-pone-primera-con-la-reforma-laboral-en-el-congreso\/","title":{"rendered":"El Gobierno pone primera con la Reforma Laboral en el Congreso"},"content":{"rendered":"\n<p>El Gobierno envi\u00f3 al Senado el proyecto de Reforma Laboral, que buscar\u00e1 aprobar en sesiones extraordinarias convocadas formalmente este martes y previstas para el per\u00edodo entre el 10 y el 30 de diciembre. A pedido de Patricia Bullrich, la iniciativa entr\u00f3 por la C\u00e1mara Alta, donde la ex ministra buscar\u00e1 anotarse su primera victoria legislativa de peso.<\/p>\n\n\n\n<p>Bullrich ya empez\u00f3 conversaciones con los l\u00edderes de todos los bloques del Senado, incluyendo al kirchnerismo, aunque desde su entorno dejaron claro que no esperan contar con el respaldo peronista. Seg\u00fan detall\u00f3 la exministra en distintos medios, la propuesta es \u00abmoderada y equilibrada\u00bb y eso permitir\u00e1 generar los consensos necesarios para aprobarla<\/p>\n\n\n\n<p>Sin embargo, con el objetivo de sumar m\u00e1s apoyos, desde el oficialismo deslizaron que est\u00e1n dispuestos a introducir cambios durante el debate. Sabrina Ajmecht, diputada de La Libertad Avanza, expres\u00f3 en declaraciones radiales que el proyecto contar\u00e1 con \u00abespacio para introducir mejoras\u00bb.<\/p>\n\n\n\n<p>Una de las propuestas que fue ganando terreno es la de la propia CGT, que impulsa un r\u00e9gimen laboral enfocado en los menores de 30 a\u00f1os. La idea es proteger a los trabajadores formales que ya tienen a\u00f1os en el mercado laboral y, al mismo tiempo, ofrecer un r\u00e9gimen m\u00e1s flexible para los nuevos ingresantes, que reci\u00e9n acceder\u00edan a los derechos plenos&nbsp; una vez cumplidos los 30 a\u00f1os.<\/p>\n\n\n\n<p>Pese a tener primera minor\u00eda, en diputados el Gobierno tambi\u00e9n deber\u00e1 tejer alianzas con los bloques dialoguistas y se espera un \u00e1spero debate. El kirchnerismo ya anticip\u00f3 que no acompa\u00f1ar\u00e1 y que presentar\u00e1 un proyecto propio. Si la Ley no sale antes del 30 de diciembre, es probable que las extraordinarias se extiendan en el verano.<\/p>\n\n\n\n<p>A la Reforma Laboral se le suman tambi\u00e9n el debate del Presupuesto 2026,&nbsp; la reforma del C\u00f3digo Penal y un nuevo proyecto cuyo t\u00edtulo despierta expectativa: \u00abCompromiso nacional para la estabilidad fiscal y monetaria\u00bb, que buscar\u00e1 prohibir que los funcionarios emitan dinero para cubrir el d\u00e9ficit.<\/p>\n\n\n\n<p>La segunda etapa del gobierno arranca con el nuevo Congreso a su favor. En el recinto se ver\u00e1 c\u00f3mo funciona.<\/p>\n","protected":false},"excerpt":{"rendered":"<p>El Gobierno envi\u00f3 al Senado el proyecto de Reforma Laboral, que buscar\u00e1 aprobar en sesiones<\/p>\n","protected":false},"author":4,"featured_media":6757,"comment_status":"open","ping_status":"open","sticky":false,"template":"","format":"standard","meta":{"om_disable_all_campaigns":false,"_monsterinsights_skip_tracking":false,"_monsterinsights_sitenote_active":false,"_monsterinsights_sitenote_note":"","_monsterinsights_sitenote_category":0},"categories":[263],"tags":[],"aioseo_notices":[],"jetpack_featured_media_url":"https:\/\/defiendase.com\/wp-content\/uploads\/2025\/12\/congreso-2.webp","post_mailing_queue_ids":[],"_links":{"self":[{"href":"https:\/\/defiendase.com\/index.php\/wp-json\/wp\/v2\/posts\/6756"}],"collection":[{"href":"https:\/\/defiendase.com\/index.php\/wp-json\/wp\/v2\/posts"}],"about":[{"href":"https:\/\/defiendase.com\/index.php\/wp-json\/wp\/v2\/types\/post"}],"author":[{"embeddable":true,"href":"https:\/\/defiendase.com\/index.php\/wp-json\/wp\/v2\/users\/4"}],"replies":[{"embeddable":true,"href":"https:\/\/defiendase.com\/index.php\/wp-json\/wp\/v2\/comments?post=6756"}],"version-history":[{"count":1,"href":"https:\/\/defiendase.com\/index.php\/wp-json\/wp\/v2\/posts\/6756\/revisions"}],"predecessor-version":[{"id":6758,"href":"https:\/\/defiendase.com\/index.php\/wp-json\/wp\/v2\/posts\/6756\/revisions\/6758"}],"wp:featuredmedia":[{"embeddable":true,"href":"https:\/\/defiendase.com\/index.php\/wp-json\/wp\/v2\/media\/6757"}],"wp:attachment":[{"href":"https:\/\/defiendase.com\/index.php\/wp-json\/wp\/v2\/media?parent=6756"}],"wp:term":[{"taxonomy":"category","embeddable":true,"href":"https:\/\/defiendase.com\/index.php\/wp-json\/wp\/v2\/categories?post=6756"},{"taxonomy":"post_tag","embeddable":true,"href":"https:\/\/defiendase.com\/index.php\/wp-json\/wp\/v2\/tags?post=6756"}],"curies":[{"name":"wp","href":"https:\/\/api.w.org\/{rel}","templated":true}]}}