{"id":6747,"date":"2025-12-05T11:54:22","date_gmt":"2025-12-05T14:54:22","guid":{"rendered":"https:\/\/defiendase.com\/?p=6747"},"modified":"2025-12-05T11:54:25","modified_gmt":"2025-12-05T14:54:25","slug":"reves-de-la-corte-a-de-vido-que-quedo-definitivamente-preso-y-sin-posibilidades-de-apelacion","status":"publish","type":"post","link":"https:\/\/defiendase.com\/index.php\/reves-de-la-corte-a-de-vido-que-quedo-definitivamente-preso-y-sin-posibilidades-de-apelacion\/","title":{"rendered":"Rev\u00e9s de la Corte a De Vido, que qued\u00f3 definitivamente preso y sin posibilidades de apelaci\u00f3n"},"content":{"rendered":"\n<p>La Corte Suprema de Justicia de la Naci\u00f3n rechaz\u00f3 un nuevo recurso presentado por el exministro Julio De Vido, que buscaba que le redujeran la pena de 4 a\u00f1os de prisi\u00f3n por la que ya est\u00e1 efectivamente detenido por su responsabilidad en la Tragedia de Once. <\/p>\n\n\n\n<p>Con la firma de los jueces Horacio Rosatti, Carlos Rosenkrantz y Ricardo Lorenzetti, el tribunal consider\u00f3 inadmisible un nuevo intento de la defensa de anular o reducir la pena invocando supuestos \u201cerrores graves\u201d en el fallo anterior y la prescripci\u00f3n del delito.<\/p>\n\n\n\n<p>El fallo aclara que las decisiones de la Corte \u201cno son susceptibles de ser revisadas\u201d mediante recursos de nulidad o reconsideraci\u00f3n, salvo en casos de errores materiales manifiestos, algo que seg\u00fan los jueces no sucedi\u00f3 en este caso.<\/p>\n\n\n\n<p>De este modo, la condena por administraci\u00f3n fraudulenta, impuesta en 2018 tras considerar que De Vido no supervis\u00f3 correctamente los subsidios otorgados a la concesionaria ferroviaria Trenes de Buenos Aires (TBA), qued\u00f3 firme. Con esto, se agotan todas las posibilidades de apelaci\u00f3n y De Vido deber\u00e1 pasar los pr\u00f3ximos 4 a\u00f1os en la c\u00e1rcel.<\/p>\n","protected":false},"excerpt":{"rendered":"<p>La Corte Suprema de Justicia de la Naci\u00f3n rechaz\u00f3 un nuevo recurso presentado por el<\/p>\n","protected":false},"author":4,"featured_media":6748,"comment_status":"open","ping_status":"open","sticky":false,"template":"","format":"standard","meta":{"om_disable_all_campaigns":false,"_monsterinsights_skip_tracking":false,"_monsterinsights_sitenote_active":false,"_monsterinsights_sitenote_note":"","_monsterinsights_sitenote_category":0},"categories":[263],"tags":[],"aioseo_notices":[],"jetpack_featured_media_url":"https:\/\/defiendase.com\/wp-content\/uploads\/2025\/12\/de-vido-preso.webp","post_mailing_queue_ids":[],"_links":{"self":[{"href":"https:\/\/defiendase.com\/index.php\/wp-json\/wp\/v2\/posts\/6747"}],"collection":[{"href":"https:\/\/defiendase.com\/index.php\/wp-json\/wp\/v2\/posts"}],"about":[{"href":"https:\/\/defiendase.com\/index.php\/wp-json\/wp\/v2\/types\/post"}],"author":[{"embeddable":true,"href":"https:\/\/defiendase.com\/index.php\/wp-json\/wp\/v2\/users\/4"}],"replies":[{"embeddable":true,"href":"https:\/\/defiendase.com\/index.php\/wp-json\/wp\/v2\/comments?post=6747"}],"version-history":[{"count":1,"href":"https:\/\/defiendase.com\/index.php\/wp-json\/wp\/v2\/posts\/6747\/revisions"}],"predecessor-version":[{"id":6749,"href":"https:\/\/defiendase.com\/index.php\/wp-json\/wp\/v2\/posts\/6747\/revisions\/6749"}],"wp:featuredmedia":[{"embeddable":true,"href":"https:\/\/defiendase.com\/index.php\/wp-json\/wp\/v2\/media\/6748"}],"wp:attachment":[{"href":"https:\/\/defiendase.com\/index.php\/wp-json\/wp\/v2\/media?parent=6747"}],"wp:term":[{"taxonomy":"category","embeddable":true,"href":"https:\/\/defiendase.com\/index.php\/wp-json\/wp\/v2\/categories?post=6747"},{"taxonomy":"post_tag","embeddable":true,"href":"https:\/\/defiendase.com\/index.php\/wp-json\/wp\/v2\/tags?post=6747"}],"curies":[{"name":"wp","href":"https:\/\/api.w.org\/{rel}","templated":true}]}}