{"id":6738,"date":"2025-12-03T16:34:02","date_gmt":"2025-12-03T19:34:02","guid":{"rendered":"https:\/\/defiendase.com\/?p=6738"},"modified":"2025-12-03T16:34:05","modified_gmt":"2025-12-03T19:34:05","slug":"una-jueza-denuncia-amenazas-y-ataques-a-su-familia-por-haberse-negado-a-una-extorsion","status":"publish","type":"post","link":"https:\/\/defiendase.com\/index.php\/una-jueza-denuncia-amenazas-y-ataques-a-su-familia-por-haberse-negado-a-una-extorsion\/","title":{"rendered":"Una jueza denuncia amenazas y ataques a su familia por haberse negado a una extorsi\u00f3n"},"content":{"rendered":"\n<p>La jueza civil y comercial de Avellaneda, Mar\u00eda Reghenzani, denunci\u00f3 p\u00fablicamente que desde hace meses vive bajo amenazas tras rechazar un intento de extorsi\u00f3n vinculado a una causa que tramitaba en su juzgado. A partir de ese episodio, asegura que &nbsp;se desat\u00f3 una escalada de ataques que alcanz\u00f3 de lleno a su familia y que tuvo como principal objetivo a su esposo, el ginec\u00f3logo Diego Clementi, profesional con m\u00e1s de tres d\u00e9cadas de ejercicio, que fue denunciado por un presunto abuso que \u00e9l niega rotundamente.<\/p>\n\n\n\n<p>Reghenzani sostiene que Clementi se convirti\u00f3 en el blanco de \u201cuna sucesi\u00f3n de denuncias sin sustento\u201d, basadas \u00fanicamente en testimonios que responder\u00edan a un plan coordinado para perjudicarlos.&nbsp;<\/p>\n\n\n\n<p>La magistrada insiste en que su \u201c\u00fanica falta\u201d fue \u201ccumplir con el deber\u201d sin ceder a presiones externas ni intereses ajenos al expediente.<\/p>\n\n\n\n<p>En este contexto, advirti\u00f3 sobre las consecuencias de un sistema en el que los escraches digitales, las acusaciones virales y muchas veces la condena medi\u00e1tica antes de que act\u00fae la justicia, parecen imponerse por encima de las investigaciones formales. \u201cCuando solo queda el relato, cuando la exposici\u00f3n p\u00fablica reemplaza al an\u00e1lisis serio, todos quedamos vulnerables\u201d, alert\u00f3.<\/p>\n\n\n\n<p>Profesionales de la salud consultados por su entorno habr\u00edan manifestado inquietud ante un panorama en el que temen que su labor pueda ser malinterpretada o utilizada en su contra.&nbsp;<\/p>\n\n\n\n<p>Para la jueza, este clima de sospecha generalizada no solo afecta a los m\u00e9dicos, sino que pone en riesgo la atenci\u00f3n de los pacientes que dependen de ellos para recibir diagn\u00f3sticos, tratamientos y cuidados preventivos.<\/p>\n","protected":false},"excerpt":{"rendered":"<p>La jueza civil y comercial de Avellaneda, Mar\u00eda Reghenzani, denunci\u00f3 p\u00fablicamente que desde hace meses<\/p>\n","protected":false},"author":4,"featured_media":6740,"comment_status":"open","ping_status":"open","sticky":false,"template":"","format":"standard","meta":{"om_disable_all_campaigns":false,"_monsterinsights_skip_tracking":false,"_monsterinsights_sitenote_active":false,"_monsterinsights_sitenote_note":"","_monsterinsights_sitenote_category":0},"categories":[263],"tags":[],"aioseo_notices":[],"jetpack_featured_media_url":"https:\/\/defiendase.com\/wp-content\/uploads\/2025\/12\/307f9c08-7ad4-4cb4-a53f-9fe113559004-1.jpeg","post_mailing_queue_ids":[],"_links":{"self":[{"href":"https:\/\/defiendase.com\/index.php\/wp-json\/wp\/v2\/posts\/6738"}],"collection":[{"href":"https:\/\/defiendase.com\/index.php\/wp-json\/wp\/v2\/posts"}],"about":[{"href":"https:\/\/defiendase.com\/index.php\/wp-json\/wp\/v2\/types\/post"}],"author":[{"embeddable":true,"href":"https:\/\/defiendase.com\/index.php\/wp-json\/wp\/v2\/users\/4"}],"replies":[{"embeddable":true,"href":"https:\/\/defiendase.com\/index.php\/wp-json\/wp\/v2\/comments?post=6738"}],"version-history":[{"count":1,"href":"https:\/\/defiendase.com\/index.php\/wp-json\/wp\/v2\/posts\/6738\/revisions"}],"predecessor-version":[{"id":6741,"href":"https:\/\/defiendase.com\/index.php\/wp-json\/wp\/v2\/posts\/6738\/revisions\/6741"}],"wp:featuredmedia":[{"embeddable":true,"href":"https:\/\/defiendase.com\/index.php\/wp-json\/wp\/v2\/media\/6740"}],"wp:attachment":[{"href":"https:\/\/defiendase.com\/index.php\/wp-json\/wp\/v2\/media?parent=6738"}],"wp:term":[{"taxonomy":"category","embeddable":true,"href":"https:\/\/defiendase.com\/index.php\/wp-json\/wp\/v2\/categories?post=6738"},{"taxonomy":"post_tag","embeddable":true,"href":"https:\/\/defiendase.com\/index.php\/wp-json\/wp\/v2\/tags?post=6738"}],"curies":[{"name":"wp","href":"https:\/\/api.w.org\/{rel}","templated":true}]}}