{"id":6730,"date":"2025-12-01T14:13:03","date_gmt":"2025-12-01T17:13:03","guid":{"rendered":"https:\/\/defiendase.com\/?p=6730"},"modified":"2025-12-01T14:13:06","modified_gmt":"2025-12-01T17:13:06","slug":"revocan-el-sobreseimiento-de-cristian-graf-y-reabren-la-causa-por-el-crimen-de-diego-fernandez","status":"publish","type":"post","link":"https:\/\/defiendase.com\/index.php\/revocan-el-sobreseimiento-de-cristian-graf-y-reabren-la-causa-por-el-crimen-de-diego-fernandez\/","title":{"rendered":"Revocan el sobreseimiento de Cristian Graf y reabren la causa por el crimen de Diego Fern\u00e1ndez"},"content":{"rendered":"\n<p>En una sorpresiva decisi\u00f3n, la C\u00e1mara Nacional de Apelaciones orden\u00f3 reabrir la causa por la muerte de Diego Fern\u00e1ndez Lima y revocar el sobreseimiento de su ex compa\u00f1ero y vecino, Cristian Graf, en casa de quien se encontraron los huesos de Fern\u00e1ndez.<\/p>\n\n\n\n<p>Los jueces anularon&nbsp;la decisi\u00f3n previa que hab\u00eda desvinculado a Graf del caso y dispusieron que se reactive la investigaci\u00f3n para determinar si Graf actu\u00f3 como autor, c\u00f3mplice o encubridor.<\/p>\n\n\n\n<p>A fines de octubre, un juez hab\u00eda sobrese\u00eddo a Graf bajo el argumento de \u201cinexistencia de delito\u201d, lo que gener\u00f3 el rechazo inmediato de la familia y del fiscal.<a href=\"https:\/\/www.infobae.com\/sociedad\/policiales\/2025\/10\/27\/cristian-graf-fue-sobreseido-por-el-presunto-encubrimiento-del-crimen-de-diego-fernandez-lima-en-coghlan\/?utm_source=chatgpt.com\">&nbsp;<\/a>Pero tras la apelaci\u00f3n la C\u00e1mara consider\u00f3 que no exist\u00edan pruebas suficientes para descartar la responsabilidad del imputado. Ahora, con la anulaci\u00f3n del sobreseimiento, la causa vuelve \u201ca foja cero\u201d<\/p>\n\n\n\n<p>Los jueces Ignacio Rodr\u00edguez Varela, Hern\u00e1n L\u00f3pez y Julio Lucini consideraron que Graf \u201cllev\u00f3 a cabo una serie de maniobras destinadas a encubrir\u201d el hallazgo de los restos de Fern\u00e1ndez Lima. Y enumeraron que gener\u00f3 explicaciones inveros\u00edmiles que refer\u00edan a la existencia de una iglesia o un establo en el lugar donde despu\u00e9s se edific\u00f3 su casa e incluso despu\u00e9s dijo que \u201cun cami\u00f3n pudo haber tra\u00eddo tierra con los huesos\u201d. Adem\u00e1s, consideraron que tuvo \u201cuna conducta evasiva y contradictoria con la intenci\u00f3n de desviar la investigaci\u00f3n\u201d y en el momento del hallazgo \u201cdemostr\u00f3 pasividad al punto de ni siquiera llam\u00f3 a la polic\u00eda\u201d.&nbsp;<\/p>\n\n\n\n<p>En sus argumentos, el juez Licini fue claro: \u201cque el deceso acaeciera en 1984 verifica el v\u00ednculo entre la v\u00edctima y el encausado, en tanto resultaban ser ni m\u00e1s ni menos que compa\u00f1eros de colegio. Por ello no hay posibilidad de desvincular al nombrado del homicidio, ya sea como autor, c\u00f3mplice o con cualquier otro grado de participaci\u00f3n\u201d.<\/p>\n\n\n\n<p>La causa vuelve a abrirse. Sea o no Graf culpable, parece ser un paso necesario para desentra\u00f1ar el misterio y acercarse por fin a la verdad.<\/p>\n","protected":false},"excerpt":{"rendered":"<p>En una sorpresiva decisi\u00f3n, la C\u00e1mara Nacional de Apelaciones orden\u00f3 reabrir la causa por la<\/p>\n","protected":false},"author":4,"featured_media":6731,"comment_status":"open","ping_status":"open","sticky":false,"template":"","format":"standard","meta":{"om_disable_all_campaigns":false,"_monsterinsights_skip_tracking":false,"_monsterinsights_sitenote_active":false,"_monsterinsights_sitenote_note":"","_monsterinsights_sitenote_category":0},"categories":[263],"tags":[],"aioseo_notices":[],"jetpack_featured_media_url":"https:\/\/defiendase.com\/wp-content\/uploads\/2025\/12\/a7137616-9f3a-4e27-b1fe-298f3031c8d6.jpeg","post_mailing_queue_ids":[],"_links":{"self":[{"href":"https:\/\/defiendase.com\/index.php\/wp-json\/wp\/v2\/posts\/6730"}],"collection":[{"href":"https:\/\/defiendase.com\/index.php\/wp-json\/wp\/v2\/posts"}],"about":[{"href":"https:\/\/defiendase.com\/index.php\/wp-json\/wp\/v2\/types\/post"}],"author":[{"embeddable":true,"href":"https:\/\/defiendase.com\/index.php\/wp-json\/wp\/v2\/users\/4"}],"replies":[{"embeddable":true,"href":"https:\/\/defiendase.com\/index.php\/wp-json\/wp\/v2\/comments?post=6730"}],"version-history":[{"count":1,"href":"https:\/\/defiendase.com\/index.php\/wp-json\/wp\/v2\/posts\/6730\/revisions"}],"predecessor-version":[{"id":6732,"href":"https:\/\/defiendase.com\/index.php\/wp-json\/wp\/v2\/posts\/6730\/revisions\/6732"}],"wp:featuredmedia":[{"embeddable":true,"href":"https:\/\/defiendase.com\/index.php\/wp-json\/wp\/v2\/media\/6731"}],"wp:attachment":[{"href":"https:\/\/defiendase.com\/index.php\/wp-json\/wp\/v2\/media?parent=6730"}],"wp:term":[{"taxonomy":"category","embeddable":true,"href":"https:\/\/defiendase.com\/index.php\/wp-json\/wp\/v2\/categories?post=6730"},{"taxonomy":"post_tag","embeddable":true,"href":"https:\/\/defiendase.com\/index.php\/wp-json\/wp\/v2\/tags?post=6730"}],"curies":[{"name":"wp","href":"https:\/\/api.w.org\/{rel}","templated":true}]}}