{"id":6727,"date":"2025-11-28T13:52:50","date_gmt":"2025-11-28T16:52:50","guid":{"rendered":"https:\/\/defiendase.com\/?p=6727"},"modified":"2025-11-28T13:52:52","modified_gmt":"2025-11-28T16:52:52","slug":"presti-puede-asumir-en-defensa-sin-dejar-de-ser-militar-activo","status":"publish","type":"post","link":"https:\/\/defiendase.com\/index.php\/presti-puede-asumir-en-defensa-sin-dejar-de-ser-militar-activo\/","title":{"rendered":"Presti puede asumir en Defensa sin dejar de ser militar activo"},"content":{"rendered":"\n<p>Tras la decici\u00f3n del gobierno de nombrar al general Carlos Presti, actual jefe del Ej\u00e9rcito, como Ministro de Defensa gener\u00f3 observaciones y pol\u00e9micas, sobre todo porque Presti tom\u00f3 la decisi\u00f3n de continuar como militar activo en su nuevo cargo Sin embargo, tanto la Constituci\u00f3n como la Ley para Personal Militar habilitan esta designaci\u00f3n.&nbsp;<\/p>\n\n\n\n<p>\u00abPor primera vez desde el regreso de la democracia, una persona con intachable carrera militar que ha llegado al m\u00e1s alto rango en su escalaf\u00f3n estar\u00e1 al frente del Ministerio que est\u00e1 encargado de la defensa nacional y de las Fuerzas Armadas, inaugurando una tradici\u00f3n que esperamos que la dirigencia pol\u00edtica contin\u00fae de aqu\u00ed en adelante y dando por finalizado la demonizaci\u00f3n de nuestros oficiales, suboficiales y soldados\u00bb, dec\u00eda el comunicado con el que la Oficina del Presidente anunciaba a Presti en Defensa.&nbsp;<\/p>\n\n\n\n<p>En t\u00e9rminos constitucionales, no existe prohibici\u00f3n para que un oficial en actividad asuma el Ministerio de Defensa. El art\u00edculo 99 inciso 7 de la Constituci\u00f3n Nacional faculta al Presidente a nombrar y remover ministros sin restricciones respecto de su condici\u00f3n militar.<\/p>\n\n\n\n<p>Por otro lado, la reglamentaci\u00f3n del art\u00edculo 18 de la Ley para el Personal Militar habilita al personal del Cuadro Permanente a desempe\u00f1ar funciones p\u00fablicas no electivas cuando sean designados por el Poder Ejecutivo.<\/p>\n\n\n\n<p>El pase a disponibilidad previsto en el art\u00edculo 38 solo opera cuando se trata de una funci\u00f3n \u201cajena\u201d a las necesidades del servicio militar. Pero en este caso, el Ministerio de Defensa est\u00e1 directamente ligado a la conducci\u00f3n del instrumento militar, por lo que no corresponder\u00eda disponer la disponibilidad ni el retiro del oficial designado.<\/p>\n\n\n\n<p>Adem\u00e1s la Ley de Defensa Nacional define al ministro como responsable directo de la actividad militar, con funciones que son castrenses y no meramente pol\u00edticas o administrativas.&nbsp;<\/p>\n\n\n\n<p>Por \u00faltimo, la Ley de Ministerios confirma el car\u00e1cter militar del cargo y establece que el Ministerio de Defensa tiene entre sus atribuciones formular y ejecutar la Pol\u00edtica de Defensa Nacional, &nbsp;ejercer la conducci\u00f3n superior de las Fuerzas Armadas, &nbsp;intervenir en la preparaci\u00f3n, alistamiento y empleo del instrumento militar, &nbsp;supervisar al Estado Mayor Conjunto y participar en la administraci\u00f3n, disciplina y carrera del personal militar.<\/p>\n\n\n\n<p>Por todo esto, los cuestionamientos a la designaci\u00f3n de Presti y a su decisi\u00f3n de no renunciar a su actividad militar no tienen base legal. Y tampoco corresponde su pase a disponibilidad ni a retiro porque la normativa vigente habilita expresamente a un militar en actividad a ocupar el cargo.<\/p>\n","protected":false},"excerpt":{"rendered":"<p>Tras la decici\u00f3n del gobierno de nombrar al general Carlos Presti, actual jefe del Ej\u00e9rcito,<\/p>\n","protected":false},"author":4,"featured_media":6728,"comment_status":"open","ping_status":"open","sticky":false,"template":"","format":"standard","meta":{"om_disable_all_campaigns":false,"_monsterinsights_skip_tracking":false,"_monsterinsights_sitenote_active":false,"_monsterinsights_sitenote_note":"","_monsterinsights_sitenote_category":0},"categories":[263],"tags":[],"aioseo_notices":[],"jetpack_featured_media_url":"https:\/\/defiendase.com\/wp-content\/uploads\/2025\/11\/IMG_8948.webp","post_mailing_queue_ids":[],"_links":{"self":[{"href":"https:\/\/defiendase.com\/index.php\/wp-json\/wp\/v2\/posts\/6727"}],"collection":[{"href":"https:\/\/defiendase.com\/index.php\/wp-json\/wp\/v2\/posts"}],"about":[{"href":"https:\/\/defiendase.com\/index.php\/wp-json\/wp\/v2\/types\/post"}],"author":[{"embeddable":true,"href":"https:\/\/defiendase.com\/index.php\/wp-json\/wp\/v2\/users\/4"}],"replies":[{"embeddable":true,"href":"https:\/\/defiendase.com\/index.php\/wp-json\/wp\/v2\/comments?post=6727"}],"version-history":[{"count":1,"href":"https:\/\/defiendase.com\/index.php\/wp-json\/wp\/v2\/posts\/6727\/revisions"}],"predecessor-version":[{"id":6729,"href":"https:\/\/defiendase.com\/index.php\/wp-json\/wp\/v2\/posts\/6727\/revisions\/6729"}],"wp:featuredmedia":[{"embeddable":true,"href":"https:\/\/defiendase.com\/index.php\/wp-json\/wp\/v2\/media\/6728"}],"wp:attachment":[{"href":"https:\/\/defiendase.com\/index.php\/wp-json\/wp\/v2\/media?parent=6727"}],"wp:term":[{"taxonomy":"category","embeddable":true,"href":"https:\/\/defiendase.com\/index.php\/wp-json\/wp\/v2\/categories?post=6727"},{"taxonomy":"post_tag","embeddable":true,"href":"https:\/\/defiendase.com\/index.php\/wp-json\/wp\/v2\/tags?post=6727"}],"curies":[{"name":"wp","href":"https:\/\/api.w.org\/{rel}","templated":true}]}}