{"id":6717,"date":"2025-11-26T12:06:22","date_gmt":"2025-11-26T15:06:22","guid":{"rendered":"https:\/\/defiendase.com\/?p=6717"},"modified":"2025-11-26T12:06:25","modified_gmt":"2025-11-26T15:06:25","slug":"fronteras-blindadas-crean-una-nueva-agencia-nacional-de-migraciones","status":"publish","type":"post","link":"https:\/\/defiendase.com\/index.php\/fronteras-blindadas-crean-una-nueva-agencia-nacional-de-migraciones\/","title":{"rendered":"\u00bfFronteras blindadas? Crean una nueva Agencia Nacional de Migraciones"},"content":{"rendered":"\n<p>A d\u00edas de dejar su cargo para asumir su banca de senadora, la ministra de Seguridad, Patricia Bullrich, anunci\u00f3 la creaci\u00f3n de la Agencia Nacional de Migraciones, un nuevo organismo desconcentrado que buscar\u00e1 modernizar la gesti\u00f3n migratoria y fortalecer los controles en las fronteras. Para eso, tambi\u00e9n se crear\u00e1 una polic\u00eda migratoria con funciones espec\u00edficas.<\/p>\n\n\n\n<p>Bullrich defini\u00f3 la iniciativa como \u201cuna nueva forma de administrar las migraciones\u201d y destac\u00f3 que el esquema incorporar\u00e1 una mirada federal, con participaci\u00f3n activa de las provincias. A su lado estuvo la secretaria de Seguridad, Alejandra Monteoliva, quien quedar\u00e1 al frente del ministerio cuando Bullrich se mude al Congreso.<\/p>\n\n\n\n<p>Seg\u00fan explicaron desde el Gobierno, la Agencia tendr\u00e1 la misi\u00f3n de \u00abarticular de manera m\u00e1s eficiente el trabajo en fronteras, la cooperaci\u00f3n policial y la inteligencia migratoria, en un contexto regional marcado por el avance del crimen organizado y el aumento de los flujos de desplazamientos vinculados a actividades il\u00edcitas\u00bb.<\/p>\n\n\n\n<p>Para Bullrich, el control fronterizo deja de ser solo un tr\u00e1mite administrativo y pasa a ser \u00abuna pol\u00edtica de Seguridad Nacional\u00bb. Esta mirada se al\u00ednea con la pol\u00edtica migratoria aplicada por el Gobierno de Donald Trump, que prest\u00f3 asesoramiento para la elaboraci\u00f3n de la iniciativa argentina. \u00abQueremos un modelo alineado con las mejores pr\u00e1cticas globales, donde el control migratorio sea una tarea coherente, integrada y jur\u00eddicamente respaldada\u00bb, destac\u00f3 la ministra.<\/p>\n\n\n\n<p>Hasta ahora, el control de los pasos fronterizos es una tarea de Gendarmer\u00eda. Sin embargo, con la creaci\u00f3n de la nueva polic\u00eda migratoria, el gobierno buscar\u00e1 profesionalizar y modernizar las tareas de vigilancia.<\/p>\n\n\n\n<p>&nbsp;\u00abDado que la regi\u00f3n vive un escenario de violencia cr\u00edtica y desplazamientos criminales, la protecci\u00f3n de fronteras se vuelve un objetivo de Seguridad Nacional\u00bb, remarcaron en un comunicado.<\/p>\n","protected":false},"excerpt":{"rendered":"<p>A d\u00edas de dejar su cargo para asumir su banca de senadora, la ministra de<\/p>\n","protected":false},"author":4,"featured_media":6718,"comment_status":"open","ping_status":"open","sticky":false,"template":"","format":"standard","meta":{"om_disable_all_campaigns":false,"_monsterinsights_skip_tracking":false,"_monsterinsights_sitenote_active":false,"_monsterinsights_sitenote_note":"","_monsterinsights_sitenote_category":0},"categories":[263],"tags":[],"aioseo_notices":[],"jetpack_featured_media_url":"https:\/\/defiendase.com\/wp-content\/uploads\/2025\/11\/bullrich.jpg","post_mailing_queue_ids":[],"_links":{"self":[{"href":"https:\/\/defiendase.com\/index.php\/wp-json\/wp\/v2\/posts\/6717"}],"collection":[{"href":"https:\/\/defiendase.com\/index.php\/wp-json\/wp\/v2\/posts"}],"about":[{"href":"https:\/\/defiendase.com\/index.php\/wp-json\/wp\/v2\/types\/post"}],"author":[{"embeddable":true,"href":"https:\/\/defiendase.com\/index.php\/wp-json\/wp\/v2\/users\/4"}],"replies":[{"embeddable":true,"href":"https:\/\/defiendase.com\/index.php\/wp-json\/wp\/v2\/comments?post=6717"}],"version-history":[{"count":1,"href":"https:\/\/defiendase.com\/index.php\/wp-json\/wp\/v2\/posts\/6717\/revisions"}],"predecessor-version":[{"id":6719,"href":"https:\/\/defiendase.com\/index.php\/wp-json\/wp\/v2\/posts\/6717\/revisions\/6719"}],"wp:featuredmedia":[{"embeddable":true,"href":"https:\/\/defiendase.com\/index.php\/wp-json\/wp\/v2\/media\/6718"}],"wp:attachment":[{"href":"https:\/\/defiendase.com\/index.php\/wp-json\/wp\/v2\/media?parent=6717"}],"wp:term":[{"taxonomy":"category","embeddable":true,"href":"https:\/\/defiendase.com\/index.php\/wp-json\/wp\/v2\/categories?post=6717"},{"taxonomy":"post_tag","embeddable":true,"href":"https:\/\/defiendase.com\/index.php\/wp-json\/wp\/v2\/tags?post=6717"}],"curies":[{"name":"wp","href":"https:\/\/api.w.org\/{rel}","templated":true}]}}