{"id":6693,"date":"2025-11-19T13:01:02","date_gmt":"2025-11-19T16:01:02","guid":{"rendered":"https:\/\/defiendase.com\/?p=6693"},"modified":"2025-11-19T13:01:04","modified_gmt":"2025-11-19T16:01:04","slug":"vialidad-ordenan-el-decomiso-sobre-los-bienes-de-cristina","status":"publish","type":"post","link":"https:\/\/defiendase.com\/index.php\/vialidad-ordenan-el-decomiso-sobre-los-bienes-de-cristina\/","title":{"rendered":"Vialidad: Ordenan el decomiso sobre los bienes de Cristina"},"content":{"rendered":"\n<p>Finalmente, adem\u00e1s de pagar con la prisi\u00f3n, Cristina Kirchner deber\u00e1 pagar con sus bienes los hechos de corrupci\u00f3n por los que fue condenada en la causa Vialidad. El Tribunal Oral Federal 2 orden\u00f3 el decomiso de hoteles, terrenos y viviendas hasta alcanzar los $684,9 mil millones, el monto estimado por los peritos judiciales a modo de resarcimiento al Estado.&nbsp;<\/p>\n\n\n\n<p>La medida recae sobre los bienes de la expresidenta y de sus hijos M\u00e1ximo y Florencia Kirchner, adem\u00e1s de afectar a las propiedades del empresario L\u00e1zaro B\u00e1ez. Seg\u00fan el tribunal, todos ellos poseen un patrimonio que form\u00f3 parte del circuito il\u00edcito investigado o que se vio favorecido por las maniobras de corrupci\u00f3n.<\/p>\n\n\n\n<p>El decomiso ya hab\u00eda sido establecido en la sentencia firme de junio de 2025, aunque entonces ascend\u00eda a poco m\u00e1s de $84.800 millones. La cifra final se dispar\u00f3 luego de que peritos oficiales, representantes del Ministerio P\u00fablico y especialistas de la Corte Suprema actualizaran el valor real del patrimonio involucrado.<\/p>\n\n\n\n<p>Ante la falta de respuesta de los condenados tras ser intimados, el tribunal decidi\u00f3 ejecutar la incautaci\u00f3n. El alcance del decomiso incluye los bienes de B\u00e1ez y sus empresas y varias propiedades de la familia Kirchner, incluidas operaciones de los hoteles Los Sauces y Hotesur.<\/p>\n\n\n\n<p>Tras la orden judicial, todos los activos quedaron bajo la \u00f3rbita de la Corte Suprema. Ser\u00e1 el m\u00e1ximo tribunal el que defina qu\u00e9 destino tendr\u00e1n los bienes: si se utilizar\u00e1n para fines institucionales \u2014por ejemplo, oficinas judiciales en la Patagonia o espacios para almacenamiento y audiencias\u2014 o si se proceder\u00e1 a su subasta p\u00fablica.<\/p>\n","protected":false},"excerpt":{"rendered":"<p>Finalmente, adem\u00e1s de pagar con la prisi\u00f3n, Cristina Kirchner deber\u00e1 pagar con sus bienes los<\/p>\n","protected":false},"author":4,"featured_media":6694,"comment_status":"open","ping_status":"open","sticky":false,"template":"","format":"standard","meta":{"om_disable_all_campaigns":false,"_monsterinsights_skip_tracking":false,"_monsterinsights_sitenote_active":false,"_monsterinsights_sitenote_note":"","_monsterinsights_sitenote_category":0},"categories":[263],"tags":[],"aioseo_notices":[],"jetpack_featured_media_url":"https:\/\/defiendase.com\/wp-content\/uploads\/2025\/11\/IMG_0555.jpeg","post_mailing_queue_ids":[],"_links":{"self":[{"href":"https:\/\/defiendase.com\/index.php\/wp-json\/wp\/v2\/posts\/6693"}],"collection":[{"href":"https:\/\/defiendase.com\/index.php\/wp-json\/wp\/v2\/posts"}],"about":[{"href":"https:\/\/defiendase.com\/index.php\/wp-json\/wp\/v2\/types\/post"}],"author":[{"embeddable":true,"href":"https:\/\/defiendase.com\/index.php\/wp-json\/wp\/v2\/users\/4"}],"replies":[{"embeddable":true,"href":"https:\/\/defiendase.com\/index.php\/wp-json\/wp\/v2\/comments?post=6693"}],"version-history":[{"count":1,"href":"https:\/\/defiendase.com\/index.php\/wp-json\/wp\/v2\/posts\/6693\/revisions"}],"predecessor-version":[{"id":6695,"href":"https:\/\/defiendase.com\/index.php\/wp-json\/wp\/v2\/posts\/6693\/revisions\/6695"}],"wp:featuredmedia":[{"embeddable":true,"href":"https:\/\/defiendase.com\/index.php\/wp-json\/wp\/v2\/media\/6694"}],"wp:attachment":[{"href":"https:\/\/defiendase.com\/index.php\/wp-json\/wp\/v2\/media?parent=6693"}],"wp:term":[{"taxonomy":"category","embeddable":true,"href":"https:\/\/defiendase.com\/index.php\/wp-json\/wp\/v2\/categories?post=6693"},{"taxonomy":"post_tag","embeddable":true,"href":"https:\/\/defiendase.com\/index.php\/wp-json\/wp\/v2\/tags?post=6693"}],"curies":[{"name":"wp","href":"https:\/\/api.w.org\/{rel}","templated":true}]}}