{"id":6686,"date":"2025-11-17T15:03:24","date_gmt":"2025-11-17T18:03:24","guid":{"rendered":"https:\/\/defiendase.com\/?p=6686"},"modified":"2025-11-17T15:03:26","modified_gmt":"2025-11-17T18:03:26","slug":"pericias-para-entender-el-dantesco-incendio-de-spegazzini","status":"publish","type":"post","link":"https:\/\/defiendase.com\/index.php\/pericias-para-entender-el-dantesco-incendio-de-spegazzini\/","title":{"rendered":"Pericias para entender el dantesco incendio de Spegazzini"},"content":{"rendered":"\n<p>Despu\u00e9s del infierno, la b\u00fasqueda de explicaciones. Este lunes empezaron las pericias para esclarecer las causas del incendio seguido de una explosi\u00f3n que destruy\u00f3 el Pol\u00edgono Industrial de Carlos Spegazzini, en Ezeiza. La investigaci\u00f3n qued\u00f3 a cargo de la fiscal\u00eda local, que intentar\u00e1\u00a0 determinar si el fuego fue provocado intencionalmente o se trat\u00f3 de un accidente. <\/p>\n\n\n\n<p>Una vez que las llamas fueron totalmente controladas, la fiscal Florencia Belloc orden\u00f3 que la Polic\u00eda Cient\u00edfica bonaerense realice los an\u00e1lisis pertinentes para establecer responsabilidades. Entre las compa\u00f1\u00edas bajo la lupa se encuentra Logischem, una planta de agroqu\u00edmicos donde, seg\u00fan las primeras hip\u00f3tesis, podr\u00eda haberse originado el fuego. Tambi\u00e9n se revisar\u00e1 si las empresas afectadas contaban con protocolos de seguridad adecuados y permisos vigentes.<\/p>\n\n\n\n<p>Los peritos consultados por distintos medios coinciden en la posibilidad de que una fuga de gas hubiera alimentado a\u00fan m\u00e1s el incendio.<\/p>\n\n\n\n<p>Por la explosi\u00f3n y la onda expansiva, decenas de casas sufrieron da\u00f1os en puertas, ventanas y techos y hubo 24 heridos. Milagrosamente, por la magnitud del fuego, y pese a que las autoridades sanitarias esperaban \u201cun efecto Croma\u00f1\u00f3n\u201d, no hubo v\u00edctimas fatales.<\/p>\n\n\n\n<p>Desde la noche del viernes trabajaron m\u00e1s de 70 dotaciones de bomberos y todav\u00eda, en medio de las pericias, controlan que las llamas no se reaviven.<\/p>\n\n\n\n<p>Muchas de nuestras casas son escombros. Fue una pesadilla\u201d, resumi\u00f3 una de las vecinas afectadas. Aunque el fuego parece haberse apagado, esto reci\u00e9n empieza.<\/p>\n","protected":false},"excerpt":{"rendered":"<p>Despu\u00e9s del infierno, la b\u00fasqueda de explicaciones. Este lunes empezaron las pericias para esclarecer las<\/p>\n","protected":false},"author":4,"featured_media":6687,"comment_status":"open","ping_status":"open","sticky":false,"template":"","format":"standard","meta":{"om_disable_all_campaigns":false,"_monsterinsights_skip_tracking":false,"_monsterinsights_sitenote_active":false,"_monsterinsights_sitenote_note":"","_monsterinsights_sitenote_category":0},"categories":[263],"tags":[],"aioseo_notices":[],"jetpack_featured_media_url":"https:\/\/defiendase.com\/wp-content\/uploads\/2025\/11\/Imagen-de-WhatsApp-2025-11-17-a-las-10.15.16_0c7b5f6e.jpg","post_mailing_queue_ids":[],"_links":{"self":[{"href":"https:\/\/defiendase.com\/index.php\/wp-json\/wp\/v2\/posts\/6686"}],"collection":[{"href":"https:\/\/defiendase.com\/index.php\/wp-json\/wp\/v2\/posts"}],"about":[{"href":"https:\/\/defiendase.com\/index.php\/wp-json\/wp\/v2\/types\/post"}],"author":[{"embeddable":true,"href":"https:\/\/defiendase.com\/index.php\/wp-json\/wp\/v2\/users\/4"}],"replies":[{"embeddable":true,"href":"https:\/\/defiendase.com\/index.php\/wp-json\/wp\/v2\/comments?post=6686"}],"version-history":[{"count":1,"href":"https:\/\/defiendase.com\/index.php\/wp-json\/wp\/v2\/posts\/6686\/revisions"}],"predecessor-version":[{"id":6688,"href":"https:\/\/defiendase.com\/index.php\/wp-json\/wp\/v2\/posts\/6686\/revisions\/6688"}],"wp:featuredmedia":[{"embeddable":true,"href":"https:\/\/defiendase.com\/index.php\/wp-json\/wp\/v2\/media\/6687"}],"wp:attachment":[{"href":"https:\/\/defiendase.com\/index.php\/wp-json\/wp\/v2\/media?parent=6686"}],"wp:term":[{"taxonomy":"category","embeddable":true,"href":"https:\/\/defiendase.com\/index.php\/wp-json\/wp\/v2\/categories?post=6686"},{"taxonomy":"post_tag","embeddable":true,"href":"https:\/\/defiendase.com\/index.php\/wp-json\/wp\/v2\/tags?post=6686"}],"curies":[{"name":"wp","href":"https:\/\/api.w.org\/{rel}","templated":true}]}}