{"id":6682,"date":"2025-11-14T12:08:05","date_gmt":"2025-11-14T15:08:05","guid":{"rendered":"https:\/\/defiendase.com\/?p=6682"},"modified":"2025-11-14T12:08:07","modified_gmt":"2025-11-14T15:08:07","slug":"makintach-con-las-horas-contadas","status":"publish","type":"post","link":"https:\/\/defiendase.com\/index.php\/makintach-con-las-horas-contadas\/","title":{"rendered":"Makintach, con las horas contadas"},"content":{"rendered":"\n<p>En la etapa de alegatos del jury contra Julieta Makintach, la fiscal\u00eda pidi\u00f3 la destituci\u00f3n de la jueza, acusada de haber filmado un documental durante el juicio por la muerte de Diego Maradona.<\/p>\n\n\n\n<p>La fiscal Anal\u00eda Duarte fundament\u00f3 su solicitud argumentando que todas las acusaciones contra Makintach fueron comprobadas y que la magistrada \u201cminti\u00f3, presion\u00f3 a testigos y abus\u00f3 de su poder\u201d. Adem\u00e1s se\u00f1al\u00f3 que utiliz\u00f3 recursos del Estado para avanzar en un proyecto personal que perjudic\u00f3 a la administraci\u00f3n de justicia.<\/p>\n\n\n\n<p>En la audiencia, el abogado defensor de Makintach, Dar\u00edo Salda\u00f1o, rechaz\u00f3 las acusaciones, destacando que su clienta no recibi\u00f3 ning\u00fan beneficio personal por su participaci\u00f3n en el documental, y que su intervenci\u00f3n hab\u00eda sido a pedido de una amiga. Adem\u00e1s, cuestion\u00f3 a los jueces Maximiliano Savarino y Ver\u00f3nica Di Tomasso por supuestas filtraciones de conversaciones privadas con la magistrada.<\/p>\n\n\n\n<p>Sin embargo, todo parece indicar que la jueza tiene todas las de perder. Los conjueces tienen&nbsp; hasta el pr\u00f3ximo martes para deliberar y emitir su fallo, que podr\u00eda implicar la destituci\u00f3n de la jueza. \u00abElla arroj\u00f3 piedras a la familia, a la justicia, a la verdad, a los imputados. Arras\u00f3 el prestigio del Poder Judicial. Es por eso que entiendo que es el deber de este jurado apartar la piedra del camino\u00bb, dijo la fiscal.<\/p>\n\n\n\n<p>Las horas corren. Pueden ser las \u00faltimas de Makintach como jueza.<\/p>\n","protected":false},"excerpt":{"rendered":"<p>En la etapa de alegatos del jury contra Julieta Makintach, la fiscal\u00eda pidi\u00f3 la destituci\u00f3n<\/p>\n","protected":false},"author":4,"featured_media":6683,"comment_status":"open","ping_status":"open","sticky":false,"template":"","format":"standard","meta":{"om_disable_all_campaigns":false,"_monsterinsights_skip_tracking":false,"_monsterinsights_sitenote_active":false,"_monsterinsights_sitenote_note":"","_monsterinsights_sitenote_category":0},"categories":[263],"tags":[],"aioseo_notices":[],"jetpack_featured_media_url":"https:\/\/defiendase.com\/wp-content\/uploads\/2025\/11\/makintach1.webp","post_mailing_queue_ids":[],"_links":{"self":[{"href":"https:\/\/defiendase.com\/index.php\/wp-json\/wp\/v2\/posts\/6682"}],"collection":[{"href":"https:\/\/defiendase.com\/index.php\/wp-json\/wp\/v2\/posts"}],"about":[{"href":"https:\/\/defiendase.com\/index.php\/wp-json\/wp\/v2\/types\/post"}],"author":[{"embeddable":true,"href":"https:\/\/defiendase.com\/index.php\/wp-json\/wp\/v2\/users\/4"}],"replies":[{"embeddable":true,"href":"https:\/\/defiendase.com\/index.php\/wp-json\/wp\/v2\/comments?post=6682"}],"version-history":[{"count":1,"href":"https:\/\/defiendase.com\/index.php\/wp-json\/wp\/v2\/posts\/6682\/revisions"}],"predecessor-version":[{"id":6684,"href":"https:\/\/defiendase.com\/index.php\/wp-json\/wp\/v2\/posts\/6682\/revisions\/6684"}],"wp:featuredmedia":[{"embeddable":true,"href":"https:\/\/defiendase.com\/index.php\/wp-json\/wp\/v2\/media\/6683"}],"wp:attachment":[{"href":"https:\/\/defiendase.com\/index.php\/wp-json\/wp\/v2\/media?parent=6682"}],"wp:term":[{"taxonomy":"category","embeddable":true,"href":"https:\/\/defiendase.com\/index.php\/wp-json\/wp\/v2\/categories?post=6682"},{"taxonomy":"post_tag","embeddable":true,"href":"https:\/\/defiendase.com\/index.php\/wp-json\/wp\/v2\/tags?post=6682"}],"curies":[{"name":"wp","href":"https:\/\/api.w.org\/{rel}","templated":true}]}}