{"id":6678,"date":"2025-11-13T15:35:59","date_gmt":"2025-11-13T18:35:59","guid":{"rendered":"https:\/\/defiendase.com\/?p=6678"},"modified":"2025-11-13T15:36:03","modified_gmt":"2025-11-13T18:36:03","slug":"mas-justicia-san-luis-reduce-el-periodo-de-feria-judicial","status":"publish","type":"post","link":"https:\/\/defiendase.com\/index.php\/mas-justicia-san-luis-reduce-el-periodo-de-feria-judicial\/","title":{"rendered":"M\u00e1s justicia: San Luis reduce el per\u00edodo de feria judicial"},"content":{"rendered":"\n<p>La C\u00e1mara de Diputados puntana aprob\u00f3 con 27 votos a favor y 0 en contra la ley que reduce la feria judicial en San Luis. El proyecto, que fue enviado por el Ejecutivo a la Legislatura, establece un receso de dos semanas en enero y una semana a mitad del a\u00f1o judicial, con fechas que fijar\u00e1 el Superior Tribunal de Justicia.<\/p>\n\n\n\n<p>La norma sancionada establece que durante en esos periodos no correr\u00e1n los plazos procesales y se garantizar\u00e1 la atenci\u00f3n de los asuntos urgentes. Sin embargo, esto reci\u00e9n entrar\u00e1 en vigencia a partir del 31 de diciembre de 2026, o sea que el sistema judicial &nbsp;tendr\u00e1 un a\u00f1o para adaptarse.<\/p>\n\n\n\n<p>Con esto, San Luis se convertir\u00e1 en la primera provincia que achica la feria judicial, que hasta ahora era de un mes en verano y 15 d\u00edas en invierno.&nbsp;<\/p>\n\n\n\n<p>Seg\u00fan los autores del proyecto, la sanci\u00f3n de esta ley responde a la necesidad de contar con un sistema judicial m\u00e1s eficiente, capaz de garantizar el acceso a la justicia de todos los ciudadanos sin interrupciones prolongadas por recesos o feriados. Hasta ahora, los extensos per\u00edodos de feria, sumados a la paralizaci\u00f3n de la actividad judicial durante fines de semana y d\u00edas festivos, generaban acumulaci\u00f3n de causas y demoras significativas en la resoluci\u00f3n de conflictos.<\/p>\n\n\n\n<p>Adem\u00e1s advirtieron que la reducci\u00f3n de la feria judicial no elimina derechos laborales ni per\u00edodos de descanso, sino que reorganiza el esquema vigente para garantizar la continuidad del servicio y mejorar la eficiencia del sistema.<\/p>\n","protected":false},"excerpt":{"rendered":"<p>La C\u00e1mara de Diputados puntana aprob\u00f3 con 27 votos a favor y 0 en contra<\/p>\n","protected":false},"author":4,"featured_media":6679,"comment_status":"open","ping_status":"open","sticky":false,"template":"","format":"standard","meta":{"om_disable_all_campaigns":false,"_monsterinsights_skip_tracking":false,"_monsterinsights_sitenote_active":false,"_monsterinsights_sitenote_note":"","_monsterinsights_sitenote_category":0},"categories":[263],"tags":[],"aioseo_notices":[],"jetpack_featured_media_url":"https:\/\/defiendase.com\/wp-content\/uploads\/2025\/11\/IMG_0203.webp","post_mailing_queue_ids":[],"_links":{"self":[{"href":"https:\/\/defiendase.com\/index.php\/wp-json\/wp\/v2\/posts\/6678"}],"collection":[{"href":"https:\/\/defiendase.com\/index.php\/wp-json\/wp\/v2\/posts"}],"about":[{"href":"https:\/\/defiendase.com\/index.php\/wp-json\/wp\/v2\/types\/post"}],"author":[{"embeddable":true,"href":"https:\/\/defiendase.com\/index.php\/wp-json\/wp\/v2\/users\/4"}],"replies":[{"embeddable":true,"href":"https:\/\/defiendase.com\/index.php\/wp-json\/wp\/v2\/comments?post=6678"}],"version-history":[{"count":1,"href":"https:\/\/defiendase.com\/index.php\/wp-json\/wp\/v2\/posts\/6678\/revisions"}],"predecessor-version":[{"id":6680,"href":"https:\/\/defiendase.com\/index.php\/wp-json\/wp\/v2\/posts\/6678\/revisions\/6680"}],"wp:featuredmedia":[{"embeddable":true,"href":"https:\/\/defiendase.com\/index.php\/wp-json\/wp\/v2\/media\/6679"}],"wp:attachment":[{"href":"https:\/\/defiendase.com\/index.php\/wp-json\/wp\/v2\/media?parent=6678"}],"wp:term":[{"taxonomy":"category","embeddable":true,"href":"https:\/\/defiendase.com\/index.php\/wp-json\/wp\/v2\/categories?post=6678"},{"taxonomy":"post_tag","embeddable":true,"href":"https:\/\/defiendase.com\/index.php\/wp-json\/wp\/v2\/tags?post=6678"}],"curies":[{"name":"wp","href":"https:\/\/api.w.org\/{rel}","templated":true}]}}