{"id":6675,"date":"2025-11-12T16:12:44","date_gmt":"2025-11-12T19:12:44","guid":{"rendered":"https:\/\/defiendase.com\/?p=6675"},"modified":"2025-11-12T16:12:47","modified_gmt":"2025-11-12T19:12:47","slug":"abrieron-una-causa-por-el-nuevo-accidente-en-el-tren-sarmiento","status":"publish","type":"post","link":"https:\/\/defiendase.com\/index.php\/abrieron-una-causa-por-el-nuevo-accidente-en-el-tren-sarmiento\/","title":{"rendered":"Abrieron una causa por el nuevo accidente en el tren Sarmiento"},"content":{"rendered":"\n<p>Tras el descarrilamiento del tren Sarmiento cerca de la estaci\u00f3n Liniers, la justicia orden\u00f3 la apertura de una causa y la realizaci\u00f3n de peritajes en las v\u00edas y tambi\u00e9n al personal involucrado, para determinar las responsabilidades. El accidente, ocurrido en el trayecto entre Moreno y Once a la altura del cruce de la calle Barrag\u00e1n, dej\u00f3 20 heridos<\/p>\n\n\n\n<p>El juez federal Juli\u00e1n Ercolini, a cargo del Juzgado Nacional en lo Criminal y Correccional Federal N\u00b0 12, inici\u00f3 un expediente por \u00abinterrupci\u00f3n a los medios de transporte\u00bb.&nbsp; Si bien Trenes Argentinos a\u00fan no difundi\u00f3 un informe oficial, s\u00ed se sabe que en la zona se hab\u00edan hecho obras de renovaci\u00f3n de las v\u00edas durante el \u00faltimo mes y se cree que tal vez el descarrilamiento fue producto de una falla t\u00e9cnica.<\/p>\n\n\n\n<p>Sin embargo, tambi\u00e9n avanza la investigaci\u00f3n sobre las responsabilidades humanas. El maquinista fue sometido a controles de alcoholemia que dieron negativo. Desde la empresa precisaron que, conforme al protocolo, todos los conductores son sometidos a controles de alcohol y drogas antes de comenzar su jornada, procedimiento que, aseguraron, se cumpli\u00f3 correctamente en este caso.<\/p>\n\n\n\n<p>Tambi\u00e9n qued\u00f3 en la mira un posible error de los se\u00f1aleros. De acuerdo con el parte difundido por Trenes Argentinos, el descarrilamiento ocurri\u00f3 durante una maniobra de cambio de v\u00eda. Tras detectar el descalce, \u00abel tren fren\u00f3 a tiempo, conforme al protocolo de seguridad operacional\u00bb.<\/p>\n\n\n\n<p>La justicia avanza y busca determinar las causas. Mientras tanto, este mi\u00e9rcoles fue un d\u00eda de muchas demoras y sobre todo de recelo y miedo. Muchos pasajeros saben que se suben a un tren que no es del todo seguro. Y no tienen otra opci\u00f3n que hacerlo todos los d\u00edas.<\/p>\n","protected":false},"excerpt":{"rendered":"<p>Tras el descarrilamiento del tren Sarmiento cerca de la estaci\u00f3n Liniers, la justicia orden\u00f3 la<\/p>\n","protected":false},"author":4,"featured_media":6676,"comment_status":"open","ping_status":"open","sticky":false,"template":"","format":"standard","meta":{"om_disable_all_campaigns":false,"_monsterinsights_skip_tracking":false,"_monsterinsights_sitenote_active":false,"_monsterinsights_sitenote_note":"","_monsterinsights_sitenote_category":0},"categories":[263],"tags":[],"aioseo_notices":[],"jetpack_featured_media_url":"https:\/\/defiendase.com\/wp-content\/uploads\/2025\/11\/image.png","post_mailing_queue_ids":[],"_links":{"self":[{"href":"https:\/\/defiendase.com\/index.php\/wp-json\/wp\/v2\/posts\/6675"}],"collection":[{"href":"https:\/\/defiendase.com\/index.php\/wp-json\/wp\/v2\/posts"}],"about":[{"href":"https:\/\/defiendase.com\/index.php\/wp-json\/wp\/v2\/types\/post"}],"author":[{"embeddable":true,"href":"https:\/\/defiendase.com\/index.php\/wp-json\/wp\/v2\/users\/4"}],"replies":[{"embeddable":true,"href":"https:\/\/defiendase.com\/index.php\/wp-json\/wp\/v2\/comments?post=6675"}],"version-history":[{"count":1,"href":"https:\/\/defiendase.com\/index.php\/wp-json\/wp\/v2\/posts\/6675\/revisions"}],"predecessor-version":[{"id":6677,"href":"https:\/\/defiendase.com\/index.php\/wp-json\/wp\/v2\/posts\/6675\/revisions\/6677"}],"wp:featuredmedia":[{"embeddable":true,"href":"https:\/\/defiendase.com\/index.php\/wp-json\/wp\/v2\/media\/6676"}],"wp:attachment":[{"href":"https:\/\/defiendase.com\/index.php\/wp-json\/wp\/v2\/media?parent=6675"}],"wp:term":[{"taxonomy":"category","embeddable":true,"href":"https:\/\/defiendase.com\/index.php\/wp-json\/wp\/v2\/categories?post=6675"},{"taxonomy":"post_tag","embeddable":true,"href":"https:\/\/defiendase.com\/index.php\/wp-json\/wp\/v2\/tags?post=6675"}],"curies":[{"name":"wp","href":"https:\/\/api.w.org\/{rel}","templated":true}]}}