{"id":6672,"date":"2025-11-12T16:10:30","date_gmt":"2025-11-12T19:10:30","guid":{"rendered":"https:\/\/defiendase.com\/?p=6672"},"modified":"2025-11-12T16:10:33","modified_gmt":"2025-11-12T19:10:33","slug":"de-vido-va-a-prision-por-la-causa-once","status":"publish","type":"post","link":"https:\/\/defiendase.com\/index.php\/de-vido-va-a-prision-por-la-causa-once\/","title":{"rendered":"De Vido va a prisi\u00f3n por la Causa Once"},"content":{"rendered":"\n<p>Es un hecho: Julio De Vido, el otrora poderoso ministro de Planificaci\u00f3n kirchnerista, tiene que volver a la c\u00e1rcel. As\u00ed lo dispuso el Tribunal Oral Federal N\u00b0 4, luego de que la Corte Suprema de Justicia confirmara su condena a cuatro a\u00f1os de prisi\u00f3n por administraci\u00f3n fraudulenta en el marco de la Tragedia de Once.<\/p>\n\n\n\n<p>El ex ministro de N\u00e9stor y Cristina Kichner deber\u00e1 presentarse este jueves a las 10 en Comodoro Py para hacer efectiva su detenci\u00f3n.<\/p>\n\n\n\n<p>La orden fue firmada por el juez Ricardo Bas\u00edlico despu\u00e9s de que el m\u00e1ximo tribunal rechazara los recursos presentados tanto por la defensa \u2014que solicitaba su absoluci\u00f3n\u2014 como por la fiscal\u00eda, que ped\u00eda un aumento de la pena. Con esa decisi\u00f3n, qued\u00f3 firme la condena y la inhabilitaci\u00f3n perpetua para ejercer cargos p\u00fablicos.<\/p>\n\n\n\n<p>No es la primera vez que De Vido va a estar tras las rejas. Ya estuvo detenido en 2017 en Marcos Paz por la causa R\u00edo Turbio. En aquel entonces, era diputado y el recinto vot\u00f3 su desafuero. En total pas\u00f3 2 a\u00f1os preso y 6 meses con domiciliaria.<\/p>\n\n\n\n<p>En cambio, por la causa por el choque del tren de Once, donde murieron 52 personas y hubo 700 heridos, De Vido nunca estuvo en la c\u00e1rcel. En aquel juicio fue absuelto por el delito de estrago culposo, pero se lo responsabiliz\u00f3 por no haber controlado el destino de los fondos p\u00fablicos asignados a la concesionaria Trenes de Buenos Aires. Ahora esa condena fue ratificada.<\/p>\n\n\n\n<p>Su defensa pidi\u00f3 que la Corte revoque la decisi\u00f3n,&nbsp; tild\u00f3 el fallo que lo devuelve a prisi\u00f3n como \u00abarbitrario\u00bb y anticip\u00f3 que recurrir\u00e1n al Consejo de Derechos Humanos de las Naciones Unidas.<\/p>\n\n\n\n<p>Pero las horas corren. Y este jueves a las 10,&nbsp; De Vido debe estar otra vez a la sombra.<\/p>\n","protected":false},"excerpt":{"rendered":"<p>Es un hecho: Julio De Vido, el otrora poderoso ministro de Planificaci\u00f3n kirchnerista, tiene que<\/p>\n","protected":false},"author":4,"featured_media":0,"comment_status":"open","ping_status":"open","sticky":false,"template":"","format":"standard","meta":{"om_disable_all_campaigns":false,"_monsterinsights_skip_tracking":false,"_monsterinsights_sitenote_active":false,"_monsterinsights_sitenote_note":"","_monsterinsights_sitenote_category":0},"categories":[263],"tags":[],"aioseo_notices":[],"jetpack_featured_media_url":"","post_mailing_queue_ids":[],"_links":{"self":[{"href":"https:\/\/defiendase.com\/index.php\/wp-json\/wp\/v2\/posts\/6672"}],"collection":[{"href":"https:\/\/defiendase.com\/index.php\/wp-json\/wp\/v2\/posts"}],"about":[{"href":"https:\/\/defiendase.com\/index.php\/wp-json\/wp\/v2\/types\/post"}],"author":[{"embeddable":true,"href":"https:\/\/defiendase.com\/index.php\/wp-json\/wp\/v2\/users\/4"}],"replies":[{"embeddable":true,"href":"https:\/\/defiendase.com\/index.php\/wp-json\/wp\/v2\/comments?post=6672"}],"version-history":[{"count":1,"href":"https:\/\/defiendase.com\/index.php\/wp-json\/wp\/v2\/posts\/6672\/revisions"}],"predecessor-version":[{"id":6674,"href":"https:\/\/defiendase.com\/index.php\/wp-json\/wp\/v2\/posts\/6672\/revisions\/6674"}],"wp:attachment":[{"href":"https:\/\/defiendase.com\/index.php\/wp-json\/wp\/v2\/media?parent=6672"}],"wp:term":[{"taxonomy":"category","embeddable":true,"href":"https:\/\/defiendase.com\/index.php\/wp-json\/wp\/v2\/categories?post=6672"},{"taxonomy":"post_tag","embeddable":true,"href":"https:\/\/defiendase.com\/index.php\/wp-json\/wp\/v2\/tags?post=6672"}],"curies":[{"name":"wp","href":"https:\/\/api.w.org\/{rel}","templated":true}]}}