{"id":6669,"date":"2025-11-11T15:08:10","date_gmt":"2025-11-11T18:08:10","guid":{"rendered":"https:\/\/defiendase.com\/?p=6669"},"modified":"2025-11-11T15:08:13","modified_gmt":"2025-11-11T18:08:13","slug":"grave-censura-judicial-al-periodismo-en-tucuman","status":"publish","type":"post","link":"https:\/\/defiendase.com\/index.php\/grave-censura-judicial-al-periodismo-en-tucuman\/","title":{"rendered":"Grave censura judicial al periodismo en Tucum\u00e1n"},"content":{"rendered":"\n<p>En una resoluci\u00f3n que encendi\u00f3 las alarmas por su avance contra la libertad de prensa, un tribunal de Tucum\u00e1n impuso una medida cautelar que proh\u00edbe al canal de televisi\u00f3n Compa\u00f1\u00eda de Circuitos Cerrados (CCC) y a sus trabajadores emitir opiniones o contenidos cr\u00edticos hacia jueces y fiscales provinciales<\/p>\n\n\n\n<p>El fallo, dictado por el juez Lucas Taboada, establece que durante seis meses el canal y su personal no podr\u00e1n difundir, por televisi\u00f3n, radio, medios digitales ni redes sociales, informaci\u00f3n o comentarios que \u201cinjurien, desacrediten o tergiversen\u201d la actuaci\u00f3n de funcionarios judiciales. El incumplimiento de la medida podr\u00eda acarrear sanciones por \u201cdesobediencia judicial\u201d.<\/p>\n\n\n\n<p>La disposici\u00f3n responde a una denuncia presentada por el fiscal de la Corte Suprema provincial, Edmundo Jes\u00fas Jim\u00e9nez, contra Gustavo Olarte, director y presidente de CCC. Jim\u00e9nez acusa al canal de haber desplegado una \u201ccampa\u00f1a de hostigamiento y desprestigio\u201d contra el sistema judicial local.<\/p>\n\n\n\n<p>La resoluci\u00f3n judicial, que en los hechos impone una censura previa, vulnera derechos protegidos por la Constituci\u00f3n Nacional y por tratados internacionales de derechos humanos, que garantizan la libertad de expresi\u00f3n y proh\u00edben toda restricci\u00f3n preventiva al ejercicio period\u00edstico.<\/p>\n\n\n\n<p>La decisi\u00f3n gener\u00f3 un fuerte rechazo de organizaciones profesionales y de derechos humanos. La Asociaci\u00f3n de Prensa de Tucum\u00e1n la calific\u00f3 como \u201cun atentado directo contra la libertad de prensa y el derecho ciudadano a estar informado\u201d. La Federaci\u00f3n Argentina de Trabajadores de Prensa acompa\u00f1\u00f3 la denuncia y expres\u00f3 su solidaridad con los trabajadores afectados.<\/p>\n\n\n\n<p>En la misma l\u00ednea, el Foro de Periodismo Argentino (FOPEA) advirti\u00f3 que el fallo \u201cconstituye un acto de censura previa incompatible con el sistema democr\u00e1tico\u201d y \u201cafecta gravemente el derecho a la informaci\u00f3n de toda la sociedad\u201d.<\/p>\n\n\n\n<p>Con esta decisi\u00f3n, la Justicia tucumana sienta un precedente de extrema gravedad institucional, al restringir la labor cr\u00edtica de los medios y condicionar un derecho fundamental reconocido por la Constituci\u00f3n Argentina y los est\u00e1ndares internacionales de libertad de expresi\u00f3n.<\/p>\n","protected":false},"excerpt":{"rendered":"<p>En una resoluci\u00f3n que encendi\u00f3 las alarmas por su avance contra la libertad de prensa,<\/p>\n","protected":false},"author":4,"featured_media":6670,"comment_status":"open","ping_status":"open","sticky":false,"template":"","format":"standard","meta":{"om_disable_all_campaigns":false,"_monsterinsights_skip_tracking":false,"_monsterinsights_sitenote_active":false,"_monsterinsights_sitenote_note":"","_monsterinsights_sitenote_category":0},"categories":[263],"tags":[],"aioseo_notices":[],"jetpack_featured_media_url":"https:\/\/defiendase.com\/wp-content\/uploads\/2025\/11\/IMG_0084.webp","post_mailing_queue_ids":[],"_links":{"self":[{"href":"https:\/\/defiendase.com\/index.php\/wp-json\/wp\/v2\/posts\/6669"}],"collection":[{"href":"https:\/\/defiendase.com\/index.php\/wp-json\/wp\/v2\/posts"}],"about":[{"href":"https:\/\/defiendase.com\/index.php\/wp-json\/wp\/v2\/types\/post"}],"author":[{"embeddable":true,"href":"https:\/\/defiendase.com\/index.php\/wp-json\/wp\/v2\/users\/4"}],"replies":[{"embeddable":true,"href":"https:\/\/defiendase.com\/index.php\/wp-json\/wp\/v2\/comments?post=6669"}],"version-history":[{"count":1,"href":"https:\/\/defiendase.com\/index.php\/wp-json\/wp\/v2\/posts\/6669\/revisions"}],"predecessor-version":[{"id":6671,"href":"https:\/\/defiendase.com\/index.php\/wp-json\/wp\/v2\/posts\/6669\/revisions\/6671"}],"wp:featuredmedia":[{"embeddable":true,"href":"https:\/\/defiendase.com\/index.php\/wp-json\/wp\/v2\/media\/6670"}],"wp:attachment":[{"href":"https:\/\/defiendase.com\/index.php\/wp-json\/wp\/v2\/media?parent=6669"}],"wp:term":[{"taxonomy":"category","embeddable":true,"href":"https:\/\/defiendase.com\/index.php\/wp-json\/wp\/v2\/categories?post=6669"},{"taxonomy":"post_tag","embeddable":true,"href":"https:\/\/defiendase.com\/index.php\/wp-json\/wp\/v2\/tags?post=6669"}],"curies":[{"name":"wp","href":"https:\/\/api.w.org\/{rel}","templated":true}]}}