{"id":6666,"date":"2025-11-11T15:05:49","date_gmt":"2025-11-11T18:05:49","guid":{"rendered":"https:\/\/defiendase.com\/?p=6666"},"modified":"2025-11-11T15:05:52","modified_gmt":"2025-11-11T18:05:52","slug":"la-desregulacion-llega-a-la-escuela-los-colegios-privados-podran-fijar-libremente-sus-cuotas","status":"publish","type":"post","link":"https:\/\/defiendase.com\/index.php\/la-desregulacion-llega-a-la-escuela-los-colegios-privados-podran-fijar-libremente-sus-cuotas\/","title":{"rendered":"La desregulaci\u00f3n llega a la escuela: los colegios privados podr\u00e1n fijar libremente sus cuotas"},"content":{"rendered":"\n<p>El Gobierno nacional oficializ\u00f3 este martes una medida que desregula los aranceles de los colegios privados, permitiendo que este tipo de escuelas puedan fijar libremente el valor de las cuotas y matr\u00edculas, sin necesidad de contar con la autorizaci\u00f3n previa del Estado. La disposici\u00f3n fue formalizada mediante el Decreto 787, publicado en el Bolet\u00edn Oficial y alcanza a todas las instituciones que no cuenten con aporte estatal.<\/p>\n\n\n\n<p>\u00abEsto es para los colegios privados que no tienen aporte estatal, no es para todos los colegios privados. Del universo de 14 mil instituciones privadas que hay s\u00f3lo unas 4 mil no cuentan con ning\u00fan subsidio\u00bb, explic\u00f3 Mart\u00edn Zurita, titular de la Asociaci\u00f3n de Institutos Privados de Argentina.<\/p>\n\n\n\n<p>El texto del decreto justifica la modificaci\u00f3n se\u00f1alando que \u00abcorresponde revisar el marco normativo existente para favorecer un entorno m\u00e1s propicio para la gesti\u00f3n de los establecimientos educativos privados, garantizando as\u00ed la sostenibilidad de su labor y el derecho a una educaci\u00f3n de calidad\u00bb. Esto es porque en muchos casos, los l\u00edmites al aumento de las cuotas imped\u00edan que los colegios pudieran afrontar los costos de insumos, salarios y mantenimiento edilicio.&nbsp;<\/p>\n\n\n\n<p>Como contrapartida, surge la preocupaci\u00f3n de las familias, porque las cuotas pueden sufrir aumentos significativos sin ning\u00fan tope. La idea del gobierno es que eso quede librado al juego de libre mercado. En este sentido,el decreto pone \u00e9nfasis en la defensa del principio de \u00ablibre contrataci\u00f3n\u00bb, apuntando a que las instituciones educativas puedan establecer sus propias pol\u00edticas de precios en un entorno de competencia justa, ajustado a la realidad del mercado.<\/p>\n\n\n\n<p>El Gobierno argumenta que el antiguo sistema de control de precios de las cuotas, que llevaba 30 a\u00f1os, &nbsp;podr\u00eda haber contribuido a la \u00abprecarizaci\u00f3n de la calidad educativa\u00bb, ya que imped\u00eda que los colegios pudieran ajustarse con agilidad a las fluctuaciones de costos y gastos operativos.&nbsp;<\/p>\n\n\n\n<p>Por otro lado, desde el oficialismo creen que esto tambi\u00e9n va a terminar beneficiando a las familias porque con el anterior r\u00e9gimen los valores de las cuotas sol\u00edan aumentar al inicio de cada ciclo lectivo, en parte debido a la incertidumbre econ\u00f3mica y los temores de los colegios de no poder cubrir sus costos sin la aprobaci\u00f3n estatal.<\/p>\n\n\n\n<p>Ver para creer. Habr\u00e1 que esperar al inicio del a\u00f1o que viene para saber si la ense\u00f1anza librada a las reglas del libre mercado se vuelve sostenible y apta para todos, o si expulsa a m\u00e1s familias a la educaci\u00f3n p\u00fablica.&nbsp;<\/p>\n","protected":false},"excerpt":{"rendered":"<p>El Gobierno nacional oficializ\u00f3 este martes una medida que desregula los aranceles de los colegios<\/p>\n","protected":false},"author":4,"featured_media":6667,"comment_status":"open","ping_status":"open","sticky":false,"template":"","format":"standard","meta":{"om_disable_all_campaigns":false,"_monsterinsights_skip_tracking":false,"_monsterinsights_sitenote_active":false,"_monsterinsights_sitenote_note":"","_monsterinsights_sitenote_category":0},"categories":[264],"tags":[],"aioseo_notices":[],"jetpack_featured_media_url":"https:\/\/defiendase.com\/wp-content\/uploads\/2025\/11\/IMG_0082.jpeg","post_mailing_queue_ids":[],"_links":{"self":[{"href":"https:\/\/defiendase.com\/index.php\/wp-json\/wp\/v2\/posts\/6666"}],"collection":[{"href":"https:\/\/defiendase.com\/index.php\/wp-json\/wp\/v2\/posts"}],"about":[{"href":"https:\/\/defiendase.com\/index.php\/wp-json\/wp\/v2\/types\/post"}],"author":[{"embeddable":true,"href":"https:\/\/defiendase.com\/index.php\/wp-json\/wp\/v2\/users\/4"}],"replies":[{"embeddable":true,"href":"https:\/\/defiendase.com\/index.php\/wp-json\/wp\/v2\/comments?post=6666"}],"version-history":[{"count":1,"href":"https:\/\/defiendase.com\/index.php\/wp-json\/wp\/v2\/posts\/6666\/revisions"}],"predecessor-version":[{"id":6668,"href":"https:\/\/defiendase.com\/index.php\/wp-json\/wp\/v2\/posts\/6666\/revisions\/6668"}],"wp:featuredmedia":[{"embeddable":true,"href":"https:\/\/defiendase.com\/index.php\/wp-json\/wp\/v2\/media\/6667"}],"wp:attachment":[{"href":"https:\/\/defiendase.com\/index.php\/wp-json\/wp\/v2\/media?parent=6666"}],"wp:term":[{"taxonomy":"category","embeddable":true,"href":"https:\/\/defiendase.com\/index.php\/wp-json\/wp\/v2\/categories?post=6666"},{"taxonomy":"post_tag","embeddable":true,"href":"https:\/\/defiendase.com\/index.php\/wp-json\/wp\/v2\/tags?post=6666"}],"curies":[{"name":"wp","href":"https:\/\/api.w.org\/{rel}","templated":true}]}}