{"id":6663,"date":"2025-11-10T15:36:53","date_gmt":"2025-11-10T18:36:53","guid":{"rendered":"https:\/\/defiendase.com\/?p=6663"},"modified":"2025-11-10T15:36:56","modified_gmt":"2025-11-10T18:36:56","slug":"la-interna-del-gobierno-demora-en-recambio-de-cuneo-en-justicia","status":"publish","type":"post","link":"https:\/\/defiendase.com\/index.php\/la-interna-del-gobierno-demora-en-recambio-de-cuneo-en-justicia\/","title":{"rendered":"La interna del Gobierno demora en recambio de C\u00faneo en Justicia"},"content":{"rendered":"\n<p>El ministro de Justicia Mariano C\u00faneo Libarona, que carga sobre sus espaldas la fallida implementaci\u00f3n del nuevo sistema acusatorio, present\u00f3 su renuncia hace ya dos semanas, pero a\u00fan sigue en su cargo. Es que el presidente Milei no le acept\u00f3 la dimisi\u00f3n, pero no porque considere que su tarea frente a la cartera fue exitosa, sino porque&nbsp; por ahora no defini\u00f3 a su reemplazante.<\/p>\n\n\n\n<p>Esta demora puede entenderse por distintas razones. Los m\u00e1s ben\u00e9volos hablan de otras prioridades del Gobierno, pero los m\u00e1s incisivos apuntan a la interna entre Santiago Caputo y Karina Milei.<\/p>\n\n\n\n<p>Con C\u00faneo deslegitimado pero a\u00fan al frente, el ministerio ahora est\u00e1 manejado en los hechos por Sebasti\u00e1n Amerio. En la Casa Rosada buscan extender ese esquema mientras se define el futuro de Justicia y reconocen que no hay apuro.<\/p>\n\n\n\n<p>Es cierto que las prioridades de Milei parecen ser otras: la principal es el debate del Presupuesto y despu\u00e9s, la aprobaci\u00f3n de las reformas laboral, tributaria y penal. Pero la b\u00fasqueda de un nuevo ministro de justicia es algo crucial para la etapa que viene.<\/p>\n\n\n\n<p>El principal candidato es Guillermo Montenegro, actual intendente de General Pueyrred\u00f3n y legislador provincial electo. Montenegro es un exjuez que ya fue ministro de justicia de Mauricio Macri en la Ciudad y tiene un v\u00ednculo cercano con Caputo. Esto podr\u00eda ser bueno o malo, dependiendo de c\u00f3mo decante la interna entre el asesor presidencial y Karina Milei. Esa parece la principal raz\u00f3n de fondo de la demora del recambio.<\/p>\n\n\n\n<p>Hasta nuevo aviso, C\u00faneo continuar\u00e1 en funciones pese a que la evaluaci\u00f3n de su gesti\u00f3n no fue buena a ojos de muchos oficialistas. La crisis de vacantes que atraviesa la justicia y la demora de la implementaci\u00f3n del nuevo c\u00f3digo procesal penal parecen exigir m\u00e1s rapidez de la que exhibe el Gobierno. Pero las internas no entienden de esos tiempos.<\/p>\n","protected":false},"excerpt":{"rendered":"<p>El ministro de Justicia Mariano C\u00faneo Libarona, que carga sobre sus espaldas la fallida implementaci\u00f3n<\/p>\n","protected":false},"author":4,"featured_media":6664,"comment_status":"open","ping_status":"open","sticky":false,"template":"","format":"standard","meta":{"om_disable_all_campaigns":false,"_monsterinsights_skip_tracking":false,"_monsterinsights_sitenote_active":false,"_monsterinsights_sitenote_note":"","_monsterinsights_sitenote_category":0},"categories":[263],"tags":[],"aioseo_notices":[],"jetpack_featured_media_url":"https:\/\/defiendase.com\/wp-content\/uploads\/2025\/11\/cuneo.jpg","post_mailing_queue_ids":[],"_links":{"self":[{"href":"https:\/\/defiendase.com\/index.php\/wp-json\/wp\/v2\/posts\/6663"}],"collection":[{"href":"https:\/\/defiendase.com\/index.php\/wp-json\/wp\/v2\/posts"}],"about":[{"href":"https:\/\/defiendase.com\/index.php\/wp-json\/wp\/v2\/types\/post"}],"author":[{"embeddable":true,"href":"https:\/\/defiendase.com\/index.php\/wp-json\/wp\/v2\/users\/4"}],"replies":[{"embeddable":true,"href":"https:\/\/defiendase.com\/index.php\/wp-json\/wp\/v2\/comments?post=6663"}],"version-history":[{"count":1,"href":"https:\/\/defiendase.com\/index.php\/wp-json\/wp\/v2\/posts\/6663\/revisions"}],"predecessor-version":[{"id":6665,"href":"https:\/\/defiendase.com\/index.php\/wp-json\/wp\/v2\/posts\/6663\/revisions\/6665"}],"wp:featuredmedia":[{"embeddable":true,"href":"https:\/\/defiendase.com\/index.php\/wp-json\/wp\/v2\/media\/6664"}],"wp:attachment":[{"href":"https:\/\/defiendase.com\/index.php\/wp-json\/wp\/v2\/media?parent=6663"}],"wp:term":[{"taxonomy":"category","embeddable":true,"href":"https:\/\/defiendase.com\/index.php\/wp-json\/wp\/v2\/categories?post=6663"},{"taxonomy":"post_tag","embeddable":true,"href":"https:\/\/defiendase.com\/index.php\/wp-json\/wp\/v2\/tags?post=6663"}],"curies":[{"name":"wp","href":"https:\/\/api.w.org\/{rel}","templated":true}]}}