{"id":6660,"date":"2025-11-10T15:35:23","date_gmt":"2025-11-10T18:35:23","guid":{"rendered":"https:\/\/defiendase.com\/?p=6660"},"modified":"2025-11-10T15:52:21","modified_gmt":"2025-11-10T18:52:21","slug":"el-eterno-juicio-de-los-cuadernos-preocupacion-de-la-corte","status":"publish","type":"post","link":"https:\/\/defiendase.com\/index.php\/el-eterno-juicio-de-los-cuadernos-preocupacion-de-la-corte\/","title":{"rendered":"El (eterno) juicio de los cuadernos: preocupaci\u00f3n de la Corte"},"content":{"rendered":"\n<p>El juicio por los cuadernos de las coimas, presentado como uno de los procesos m\u00e1s extensos y complejos en la historia judicial argentina, ya encendi\u00f3 alarmas en la c\u00fapula del Poder Judicial. Tanto la Corte Suprema, como el Consejo de la Magistratura y la C\u00e1mara Federal de Casaci\u00f3n Penal expresaron inquietud por la decisi\u00f3n del Tribunal Oral Federal N\u00b0 7 de realizar las audiencias por zoom y con una frecuencia limitada a una vez por semana.<\/p>\n\n\n\n<p>Esto provocar\u00eda que el juicio, que tiene 87 acusados -entre ellos Cristina Kirchner- y m\u00e1s de 600 testigos,&nbsp; dure a\u00f1os.<\/p>\n\n\n\n<p>Por esa raz\u00f3n, el Consejo de la Magistratura aceler\u00f3 la puesta a punto de una nueva sala de audiencias en el edificio de Comodoro Py. Seg\u00fan dicen en tribunales, entre el 10 y el 15 de noviembre quedar\u00e1 habilitada la \u00abSala AMIA\u00bb, con capacidad para 200 personas, especialmente acondicionada para juicios orales de gran escala.<\/p>\n\n\n\n<p>La preocupaci\u00f3n por el espacio f\u00edsico hab\u00eda sido planteada hace dos meses por el presidente del tribunal, Enrique M\u00e9ndez Signori, quien en ese momento advirti\u00f3 que la falta de infraestructura obligar\u00eda a llevar adelante el debate de forma virtual. La medida fue resistida tanto por la fiscal Fabiana Le\u00f3n como por varios defensores, que consideran que la modalidad remota podr\u00eda vulnerar el derecho de defensa.<\/p>\n\n\n\n<p>En agosto, la C\u00e1mara de Casaci\u00f3n se hab\u00eda pronunciado en la misma l\u00ednea. Los jueces se\u00f1alaron que un juicio de semejante envergadura no deber\u00eda desarrollarse de forma virtual ni con tan baja frecuencia de audiencias, por el riesgo de dilatar el proceso durante a\u00f1os y afectar su car\u00e1cter p\u00fablico y oral.<\/p>\n\n\n\n<p>Pero como respuesta, el tribunal resolvi\u00f3 mantener una audiencia semanal hasta fin de a\u00f1o y reci\u00e9n a partir de marzo de 2026, sumar una segunda sesi\u00f3n los martes.<\/p>\n\n\n\n<p>Sin embargo, en los despachos de la Corte y del Consejo de la Magistratura insisten en la necesidad de avanzar hacia un esquema presencial y m\u00e1s intensivo, que permita cumplir con los plazos razonables. M\u00e1s teniendo en cuenta lo que est\u00e1 en juego en el juicio, que busca determinar si hubo un esquema estructural de corrupci\u00f3n durante los gobiernos kirchneristas y si la ex presidenta se llev\u00f3 m\u00e1s de 10 millones de d\u00f3lares en coimas.<\/p>\n","protected":false},"excerpt":{"rendered":"<p>El juicio por los cuadernos de las coimas, presentado como uno de los procesos m\u00e1s<\/p>\n","protected":false},"author":4,"featured_media":6661,"comment_status":"open","ping_status":"open","sticky":false,"template":"","format":"standard","meta":{"om_disable_all_campaigns":false,"_monsterinsights_skip_tracking":false,"_monsterinsights_sitenote_active":false,"_monsterinsights_sitenote_note":"","_monsterinsights_sitenote_category":0},"categories":[263],"tags":[],"aioseo_notices":[],"jetpack_featured_media_url":"https:\/\/defiendase.com\/wp-content\/uploads\/2025\/11\/WhatsApp-Image-2025-11-10-at-12.09.24.jpeg","post_mailing_queue_ids":[],"_links":{"self":[{"href":"https:\/\/defiendase.com\/index.php\/wp-json\/wp\/v2\/posts\/6660"}],"collection":[{"href":"https:\/\/defiendase.com\/index.php\/wp-json\/wp\/v2\/posts"}],"about":[{"href":"https:\/\/defiendase.com\/index.php\/wp-json\/wp\/v2\/types\/post"}],"author":[{"embeddable":true,"href":"https:\/\/defiendase.com\/index.php\/wp-json\/wp\/v2\/users\/4"}],"replies":[{"embeddable":true,"href":"https:\/\/defiendase.com\/index.php\/wp-json\/wp\/v2\/comments?post=6660"}],"version-history":[{"count":1,"href":"https:\/\/defiendase.com\/index.php\/wp-json\/wp\/v2\/posts\/6660\/revisions"}],"predecessor-version":[{"id":6662,"href":"https:\/\/defiendase.com\/index.php\/wp-json\/wp\/v2\/posts\/6660\/revisions\/6662"}],"wp:featuredmedia":[{"embeddable":true,"href":"https:\/\/defiendase.com\/index.php\/wp-json\/wp\/v2\/media\/6661"}],"wp:attachment":[{"href":"https:\/\/defiendase.com\/index.php\/wp-json\/wp\/v2\/media?parent=6660"}],"wp:term":[{"taxonomy":"category","embeddable":true,"href":"https:\/\/defiendase.com\/index.php\/wp-json\/wp\/v2\/categories?post=6660"},{"taxonomy":"post_tag","embeddable":true,"href":"https:\/\/defiendase.com\/index.php\/wp-json\/wp\/v2\/tags?post=6660"}],"curies":[{"name":"wp","href":"https:\/\/api.w.org\/{rel}","templated":true}]}}