{"id":6656,"date":"2025-11-07T15:25:52","date_gmt":"2025-11-07T18:25:52","guid":{"rendered":"https:\/\/defiendase.com\/?p=6656"},"modified":"2025-11-07T15:25:55","modified_gmt":"2025-11-07T18:25:55","slug":"tambores-de-guerra-interna-en-el-peronismo-bonaerense","status":"publish","type":"post","link":"https:\/\/defiendase.com\/index.php\/tambores-de-guerra-interna-en-el-peronismo-bonaerense\/","title":{"rendered":"Tambores de guerra interna en el peronismo bonaerense"},"content":{"rendered":"\n<p>\u00abNo es momento de enredarnos en discusiones internas alejadas de los problemas reales de nuestra sociedad\u00bb, con esta frase, los intendentes bonaerenses que integran el espacio \u00abMovimiento Derecho al Futuro\u00bb intentaron dar vuelta la p\u00e1gina tras la derrota en las elecciones legislativas y apoyaron a Axel Kicillof en su camino a la candidatura presidencial que pretende en 2027.<\/p>\n\n\n\n<p>Con el dato concreto de que la diferencia entre La Libertad Avanza y Fuerza Patria fue de apenas 29.354 votos, los jefes comunales peronistas hablaron de \u00abun empate t\u00e9cnico\u00bb para minimizar el golpazo de la remontada libertaria y plantearon mirar hacia adelante.&nbsp; \u00abLejos de desanimarnos, este resultado constituye un punto de partida s\u00f3lido para lo que viene. Los m\u00e1s de 3,6 millones de bonaerenses que respaldaron a Fuerza Patria en ambas elecciones expresan un acompa\u00f1amiento sostenido que debemos cuidar y consolidar: un respaldo que reconoce el esfuerzo cotidiano de los intendentes y del Gobernador Axel Kicillof por actuar como escudo y red en un tiempo de ajuste tan agresivo y con un Estado Nacional que ha decidido borrarse\u00bb, expresaron en un comunicado.<\/p>\n\n\n\n<p>Pero los palos no fueron solo para Milei. Aunque en principio sostuvieron que no iban a caer en internas, le mandaron tambi\u00e9n un mensaje al kirchnerismo, que resiste al gobernador y le pone obst\u00e1culos cada vez que puede, sobre todo en la legislatura. \u00abLa sociedad argentina, cansada de frustraciones y decepciones, necesita que el peronismo vuelva a representar un horizonte de esperanza y justicia\u00bb, sostuvieron y agregaron que \u00abKicillof ser\u00e1 sin dudas protagonista de la reconstrucci\u00f3n de una esperanza para las mayor\u00edas\u00bb.<\/p>\n\n\n\n<p>El peronismo busca ponerse en pie para hacer frente a la avanzada libertaria, pero sus diferencias internas son por ahora su mayor debilidad. Pese a que los intendentes busquen disimularlo, mientras el conflicto entre Cristina Kirchner y Axel Kicillof no se resuelva, les ser\u00e1 dif\u00edcil mirar al futuro con optimismo.<\/p>\n","protected":false},"excerpt":{"rendered":"<p>\u00abNo es momento de enredarnos en discusiones internas alejadas de los problemas reales de nuestra<\/p>\n","protected":false},"author":4,"featured_media":6657,"comment_status":"open","ping_status":"open","sticky":false,"template":"","format":"standard","meta":{"om_disable_all_campaigns":false,"_monsterinsights_skip_tracking":false,"_monsterinsights_sitenote_active":false,"_monsterinsights_sitenote_note":"","_monsterinsights_sitenote_category":0},"categories":[263],"tags":[],"aioseo_notices":[],"jetpack_featured_media_url":"https:\/\/defiendase.com\/wp-content\/uploads\/2025\/11\/comodoro.jpg","post_mailing_queue_ids":[],"_links":{"self":[{"href":"https:\/\/defiendase.com\/index.php\/wp-json\/wp\/v2\/posts\/6656"}],"collection":[{"href":"https:\/\/defiendase.com\/index.php\/wp-json\/wp\/v2\/posts"}],"about":[{"href":"https:\/\/defiendase.com\/index.php\/wp-json\/wp\/v2\/types\/post"}],"author":[{"embeddable":true,"href":"https:\/\/defiendase.com\/index.php\/wp-json\/wp\/v2\/users\/4"}],"replies":[{"embeddable":true,"href":"https:\/\/defiendase.com\/index.php\/wp-json\/wp\/v2\/comments?post=6656"}],"version-history":[{"count":1,"href":"https:\/\/defiendase.com\/index.php\/wp-json\/wp\/v2\/posts\/6656\/revisions"}],"predecessor-version":[{"id":6658,"href":"https:\/\/defiendase.com\/index.php\/wp-json\/wp\/v2\/posts\/6656\/revisions\/6658"}],"wp:featuredmedia":[{"embeddable":true,"href":"https:\/\/defiendase.com\/index.php\/wp-json\/wp\/v2\/media\/6657"}],"wp:attachment":[{"href":"https:\/\/defiendase.com\/index.php\/wp-json\/wp\/v2\/media?parent=6656"}],"wp:term":[{"taxonomy":"category","embeddable":true,"href":"https:\/\/defiendase.com\/index.php\/wp-json\/wp\/v2\/categories?post=6656"},{"taxonomy":"post_tag","embeddable":true,"href":"https:\/\/defiendase.com\/index.php\/wp-json\/wp\/v2\/tags?post=6656"}],"curies":[{"name":"wp","href":"https:\/\/api.w.org\/{rel}","templated":true}]}}