{"id":6625,"date":"2025-10-29T12:24:54","date_gmt":"2025-10-29T15:24:54","guid":{"rendered":"https:\/\/defiendase.com\/?p=6625"},"modified":"2025-10-29T12:24:57","modified_gmt":"2025-10-29T15:24:57","slug":"moreno-inhabilitado-de-por-vida-y-con-riesgo-de-ir-preso","status":"publish","type":"post","link":"https:\/\/defiendase.com\/index.php\/moreno-inhabilitado-de-por-vida-y-con-riesgo-de-ir-preso\/","title":{"rendered":"Moreno, inhabilitado de por vida y con riesgo de ir preso"},"content":{"rendered":"\n<p>El ex Secretario de Comercio del kirchnerismo Guillermo Moreno pas\u00f3 definitivamente al olvido en el terreno pol\u00edtico despu\u00e9s de que la Corte Suprema confirmara dos condenas en su contra y lo inhabilitara de por vida para ejercer cargos p\u00fablicos.&nbsp;<\/p>\n\n\n\n<p>As\u00ed, el ex funcionario de N\u00e9stor y Cristina Kirchner, que todos estos a\u00f1os hab\u00eda intentado con distintas postulaciones acceder a cargos que nunca logr\u00f3, no s\u00f3lo no podr\u00e1 volver a la funci\u00f3n p\u00fablica sino que corre serio riesgo de ir a la c\u00e1rcel si las penas se unifican y suman m\u00e1s de tres a\u00f1os.<\/p>\n\n\n\n<p>Se trata de las causas por el caso Papel Prensa, en la que Moreno fue condenado a dos a\u00f1os de prisi\u00f3n en suspenso por amenazas coactivas durante una asamblea en la que hasta llev\u00f3 guantes de boxeo, desafi\u00f3 a los empresarios a pelear y quiso impedir una votaci\u00f3n, y la del \u00abCotill\u00f3n anti-clar\u00edn\u00bb, por la que se le dict\u00f3 una condena de dos a\u00f1os y medio de prisi\u00f3n por uso indebido de fondos p\u00fablicos. Moreno adem\u00e1s arrastra una condena a tres a\u00f1os de c\u00e1rcel por manipular los datos del Indec.&nbsp;<\/p>\n\n\n\n<p>La defensa del ex secretario de comercio apel\u00f3 los fallos, que primero fueron rechazados por la C\u00e1mara de Casaci\u00f3n Penal y ahora por la Corte Suprema.&nbsp;<\/p>\n\n\n\n<p>Al parecer, as\u00ed termina definitivamente la participaci\u00f3n de Moreno en la pol\u00edtica argentina. Las bravuconadas y la prepotencia le salieron caras y ahora hasta le pueden valer la c\u00e1rcel.&nbsp;<\/p>\n","protected":false},"excerpt":{"rendered":"<p>El ex Secretario de Comercio del kirchnerismo Guillermo Moreno pas\u00f3 definitivamente al olvido en el<\/p>\n","protected":false},"author":4,"featured_media":6626,"comment_status":"open","ping_status":"open","sticky":false,"template":"","format":"standard","meta":{"om_disable_all_campaigns":false,"_monsterinsights_skip_tracking":false,"_monsterinsights_sitenote_active":false,"_monsterinsights_sitenote_note":"","_monsterinsights_sitenote_category":0},"categories":[9],"tags":[],"aioseo_notices":[],"jetpack_featured_media_url":"https:\/\/defiendase.com\/wp-content\/uploads\/2025\/10\/IMG_9277.webp","post_mailing_queue_ids":[],"_links":{"self":[{"href":"https:\/\/defiendase.com\/index.php\/wp-json\/wp\/v2\/posts\/6625"}],"collection":[{"href":"https:\/\/defiendase.com\/index.php\/wp-json\/wp\/v2\/posts"}],"about":[{"href":"https:\/\/defiendase.com\/index.php\/wp-json\/wp\/v2\/types\/post"}],"author":[{"embeddable":true,"href":"https:\/\/defiendase.com\/index.php\/wp-json\/wp\/v2\/users\/4"}],"replies":[{"embeddable":true,"href":"https:\/\/defiendase.com\/index.php\/wp-json\/wp\/v2\/comments?post=6625"}],"version-history":[{"count":1,"href":"https:\/\/defiendase.com\/index.php\/wp-json\/wp\/v2\/posts\/6625\/revisions"}],"predecessor-version":[{"id":6627,"href":"https:\/\/defiendase.com\/index.php\/wp-json\/wp\/v2\/posts\/6625\/revisions\/6627"}],"wp:featuredmedia":[{"embeddable":true,"href":"https:\/\/defiendase.com\/index.php\/wp-json\/wp\/v2\/media\/6626"}],"wp:attachment":[{"href":"https:\/\/defiendase.com\/index.php\/wp-json\/wp\/v2\/media?parent=6625"}],"wp:term":[{"taxonomy":"category","embeddable":true,"href":"https:\/\/defiendase.com\/index.php\/wp-json\/wp\/v2\/categories?post=6625"},{"taxonomy":"post_tag","embeddable":true,"href":"https:\/\/defiendase.com\/index.php\/wp-json\/wp\/v2\/tags?post=6625"}],"curies":[{"name":"wp","href":"https:\/\/api.w.org\/{rel}","templated":true}]}}