{"id":6617,"date":"2025-10-27T13:30:10","date_gmt":"2025-10-27T16:30:10","guid":{"rendered":"https:\/\/defiendase.com\/?p=6617"},"modified":"2025-10-27T13:30:13","modified_gmt":"2025-10-27T16:30:13","slug":"un-sorpresivo-y-contundente-triunfo-que-le-da-nuevo-impulso-al-gobierno","status":"publish","type":"post","link":"https:\/\/defiendase.com\/index.php\/un-sorpresivo-y-contundente-triunfo-que-le-da-nuevo-impulso-al-gobierno\/","title":{"rendered":"Un sorpresivo y contundente triunfo que le da nuevo impulso al Gobierno"},"content":{"rendered":"\n<p>Con una inesperada victoria a nivel nacional y un impensado triunfo en la provincia de Buenos Aires, donde hace poco m\u00e1s de un mes hab\u00eda ca\u00eddo por casi 14 puntos, el Gobierno de Javier Milei festej\u00f3 en las elecciones de medio t\u00e9rmino y logr\u00f3 el impulso necesario para relanzar su gesti\u00f3n.&nbsp;<\/p>\n\n\n\n<p>Con este apoyo, el presidente prometi\u00f3 enfocar la segunda parte de su mandato en profundizar el modelo principalmente con dos reformas: la laboral y la tributaria. Para ello, convoc\u00f3 a los gobernadores para llegar a acuerdos \u00abque vuelvan a hacer grande a la Argentina\u00bb. &nbsp;<\/p>\n\n\n\n<p>Adem\u00e1s logr\u00f3 una conformaci\u00f3n de bloques que le permite no s\u00f3lo alcanzar junto con sus aliados los votos necesarios para promover las leyes que busca, sino tambi\u00e9n no volver a sufrir el rechazo de los vetos presidenciales por parte del Congreso. Por otro lado, el nuevo n\u00famero de bancas violetas lo aleja definitivamente del riesgo de un eventual juicio pol\u00edtico como el que amenazaban con iniciarle por incumplir con la aplicaci\u00f3n de las leyes de emergencia aprobadas por el parlamento.<\/p>\n\n\n\n<p>En total La Libertad Avanza tendr\u00e1 93 diputados (hasta ahora contaba con 37) frente a 97 de Fuerza Patria. En el Senado pas\u00f3 de 6 legisladores a 20.&nbsp;<\/p>\n\n\n\n<p>A nivel nacional, La Libertad Avanza cosech\u00f3 el 40,81% de los votos, casi 9 puntos por encima de Fuerza Patria y sus aliados, que lograron apenas el 31,6%. Provincias Unidas, que hac\u00eda su debut electoral y buscaba afianzarse como tercera opci\u00f3n, logr\u00f3 un magro 7,06%.<\/p>\n\n\n\n<p>Entre los factores clave del \u00e9xito de La Libertad Avanza se destaca su recuperaci\u00f3n en Buenos Aires, los contundentes resultados en Santa Fe, C\u00f3rdoba y Mendoza, y el rotundo triunfo en la Ciudad de Buenos Aires. En la capital, que gobierna el PRO desde 2007, Patricia Bullrich super\u00f3 el 50% de los votos, consolidando a\u00fan m\u00e1s la alianza entre libertarios y el oficialismo porte\u00f1o.<\/p>\n\n\n\n<p>Adem\u00e1s de las provincias mencionadas hubo triunfos libertarios en Entre R\u00edos, Chaco, San Luis, Salta, Jujuy, R\u00edo Negro, Neuqu\u00e9n, Chubut y Tierra del Fuego.&nbsp;<\/p>\n\n\n\n<p>P\u00e1rrafo aparte merece la victoria en la provincia de Buenos Aires, donde, pese al esc\u00e1ndalo por la renuncia de Jos\u00e9 Luis Espert, Diego Santilli logr\u00f3 remontar la abultada derrota del 7 de septiembre y este domingo gan\u00f3 por un punto. Esto por supuesto reaviv\u00f3 las tensiones internas dentro del peronismo, que comienza a plantearse su estrategia hacia 2027, reabriendo el debate sobre el liderazgo entre Cristina Kirchner y Axel Kicillof.<\/p>\n\n\n\n<p>Fuerza Patria y sus partidos aliados s\u00f3lo pudieron ganar en provincias como Formosa, Tucum\u00e1n, Catamarca, San Juan, Santa Cruz y La Pampa con m\u00e1rgenes mucho m\u00e1s estrechos de lo esperado.<\/p>\n\n\n\n<p>Por \u00faltimo, la alianza Provincias Unidas, compuesta por seis gobernadores sin un referente nacional claro, no logr\u00f3 quebrar la polarizaci\u00f3n que domina el panorama pol\u00edtico. Gustavo Vald\u00e9s, gobernador de Corrientes, fue el \u00fanico que logr\u00f3 una victoria en su territorio. Todos los dem\u00e1s gobernadores, que ahora deber\u00e1n negociar con Milei, perdieron.<\/p>\n","protected":false},"excerpt":{"rendered":"<p>Con una inesperada victoria a nivel nacional y un impensado triunfo en la provincia de<\/p>\n","protected":false},"author":4,"featured_media":6618,"comment_status":"open","ping_status":"open","sticky":false,"template":"","format":"standard","meta":{"om_disable_all_campaigns":false,"_monsterinsights_skip_tracking":false,"_monsterinsights_sitenote_active":false,"_monsterinsights_sitenote_note":"","_monsterinsights_sitenote_category":0},"categories":[263],"tags":[],"aioseo_notices":[],"jetpack_featured_media_url":"https:\/\/defiendase.com\/wp-content\/uploads\/2025\/10\/IMG_9133.jpeg","post_mailing_queue_ids":[],"_links":{"self":[{"href":"https:\/\/defiendase.com\/index.php\/wp-json\/wp\/v2\/posts\/6617"}],"collection":[{"href":"https:\/\/defiendase.com\/index.php\/wp-json\/wp\/v2\/posts"}],"about":[{"href":"https:\/\/defiendase.com\/index.php\/wp-json\/wp\/v2\/types\/post"}],"author":[{"embeddable":true,"href":"https:\/\/defiendase.com\/index.php\/wp-json\/wp\/v2\/users\/4"}],"replies":[{"embeddable":true,"href":"https:\/\/defiendase.com\/index.php\/wp-json\/wp\/v2\/comments?post=6617"}],"version-history":[{"count":1,"href":"https:\/\/defiendase.com\/index.php\/wp-json\/wp\/v2\/posts\/6617\/revisions"}],"predecessor-version":[{"id":6619,"href":"https:\/\/defiendase.com\/index.php\/wp-json\/wp\/v2\/posts\/6617\/revisions\/6619"}],"wp:featuredmedia":[{"embeddable":true,"href":"https:\/\/defiendase.com\/index.php\/wp-json\/wp\/v2\/media\/6618"}],"wp:attachment":[{"href":"https:\/\/defiendase.com\/index.php\/wp-json\/wp\/v2\/media?parent=6617"}],"wp:term":[{"taxonomy":"category","embeddable":true,"href":"https:\/\/defiendase.com\/index.php\/wp-json\/wp\/v2\/categories?post=6617"},{"taxonomy":"post_tag","embeddable":true,"href":"https:\/\/defiendase.com\/index.php\/wp-json\/wp\/v2\/tags?post=6617"}],"curies":[{"name":"wp","href":"https:\/\/api.w.org\/{rel}","templated":true}]}}