{"id":6606,"date":"2025-10-23T16:37:20","date_gmt":"2025-10-23T19:37:20","guid":{"rendered":"https:\/\/defiendase.com\/?p=6606"},"modified":"2025-10-23T16:37:23","modified_gmt":"2025-10-23T19:37:23","slug":"fernando-blanco-muino-se-postulo-como-defensor-del-pueblo","status":"publish","type":"post","link":"https:\/\/defiendase.com\/index.php\/fernando-blanco-muino-se-postulo-como-defensor-del-pueblo\/","title":{"rendered":"Fernando Blanco Mui\u00f1o se postul\u00f3 como Defensor del Pueblo"},"content":{"rendered":"\n<p>\u00abLa Defensor\u00eda del Pueblo debe dejar de ser un organismo testimonial para transformarse en una instituci\u00f3n activa, moderna y verdaderamente federal, cercana a cada ciudadano en todo el territorio nacional.\u00bb, Con esta definici\u00f3n, Fernando Blanco Mui\u00f1o, actual subsecretario de Defensa del Consumidor se postul\u00f3 para el cargo que lleva m\u00e1s de 16 a\u00f1os vacante.&nbsp;<\/p>\n\n\n\n<p>La candidatura de Blanco Mui\u00f1o se plantea como una alternativa orientada a fortalecer la instituci\u00f3n y devolverle su presencia activa en la vida p\u00fablica.<\/p>\n\n\n\n<p>Abogado y actual Subsecretario de Defensa del Consumidor y Lealtad Comercial de la Naci\u00f3n, Blanco Mui\u00f1o cuenta con una trayectoria vinculada al desarrollo de pol\u00edticas p\u00fablicas en materia de derechos ciudadanos y defensa del consumidor. Entre sus antecedentes se destaca su paso por la Direcci\u00f3n Nacional de Defensa del Consumidor (2016\u20132020) y su labor al frente de la Uni\u00f3n de Consumidores de Argentina, donde impuls\u00f3 acciones orientadas a la transparencia y la resoluci\u00f3n de conflictos de manera accesible para la poblaci\u00f3n.<\/p>\n\n\n\n<p>Con una mirada centrada en la gesti\u00f3n, el di\u00e1logo y la independencia institucional, propone una Defensor\u00eda moderna y federal, con presencia efectiva en todo el pa\u00eds y capacidad de actuaci\u00f3n frente a los nuevos desaf\u00edos sociales, ambientales y tecnol\u00f3gicos. Su enfoque apunta a recuperar la confianza y cercan\u00eda entre la instituci\u00f3n y la ciudadan\u00eda, consolidando su papel como mediadora y garante de derechos.<\/p>\n\n\n\n<p>Ahora ser\u00e1 el Congreso el encargado de evaluar las postulaciones y preseleccionar a los candidatos.&nbsp;<\/p>\n\n\n\n<p>La Defensor\u00eda del Pueblo fue creada en 1993 y cumple un papel clave en la protecci\u00f3n de los derechos humanos. Pero despu\u00e9s de que Eduardo Mondino dejara el cargo en 2009, qued\u00f3 vacante. Su misi\u00f3n es hacer valer las leyes y la Constituci\u00f3n ante hechos, actos u omisiones de la administraci\u00f3n p\u00fablica. Interviene en casos de desalojos, aumento de tarifas, problemas ambientales o protestas sociales y puede proponer modificaciones normativas y actuar como colaborador cr\u00edtico tanto del Poder Ejecutivo como del Poder Legislativo. &nbsp;Se trata de un organismo aut\u00f3nomo con facultades tanto preventivas como reparadoras en la defensa de los derechos de los ciudadanos.<\/p>\n","protected":false},"excerpt":{"rendered":"<p>\u00abLa Defensor\u00eda del Pueblo debe dejar de ser un organismo testimonial para transformarse en una<\/p>\n","protected":false},"author":4,"featured_media":6607,"comment_status":"open","ping_status":"open","sticky":false,"template":"","format":"standard","meta":{"om_disable_all_campaigns":false,"_monsterinsights_skip_tracking":false,"_monsterinsights_sitenote_active":false,"_monsterinsights_sitenote_note":"","_monsterinsights_sitenote_category":0},"categories":[263],"tags":[],"aioseo_notices":[],"jetpack_featured_media_url":"https:\/\/defiendase.com\/wp-content\/uploads\/2025\/10\/IMG_8963.webp","post_mailing_queue_ids":[],"_links":{"self":[{"href":"https:\/\/defiendase.com\/index.php\/wp-json\/wp\/v2\/posts\/6606"}],"collection":[{"href":"https:\/\/defiendase.com\/index.php\/wp-json\/wp\/v2\/posts"}],"about":[{"href":"https:\/\/defiendase.com\/index.php\/wp-json\/wp\/v2\/types\/post"}],"author":[{"embeddable":true,"href":"https:\/\/defiendase.com\/index.php\/wp-json\/wp\/v2\/users\/4"}],"replies":[{"embeddable":true,"href":"https:\/\/defiendase.com\/index.php\/wp-json\/wp\/v2\/comments?post=6606"}],"version-history":[{"count":1,"href":"https:\/\/defiendase.com\/index.php\/wp-json\/wp\/v2\/posts\/6606\/revisions"}],"predecessor-version":[{"id":6608,"href":"https:\/\/defiendase.com\/index.php\/wp-json\/wp\/v2\/posts\/6606\/revisions\/6608"}],"wp:featuredmedia":[{"embeddable":true,"href":"https:\/\/defiendase.com\/index.php\/wp-json\/wp\/v2\/media\/6607"}],"wp:attachment":[{"href":"https:\/\/defiendase.com\/index.php\/wp-json\/wp\/v2\/media?parent=6606"}],"wp:term":[{"taxonomy":"category","embeddable":true,"href":"https:\/\/defiendase.com\/index.php\/wp-json\/wp\/v2\/categories?post=6606"},{"taxonomy":"post_tag","embeddable":true,"href":"https:\/\/defiendase.com\/index.php\/wp-json\/wp\/v2\/tags?post=6606"}],"curies":[{"name":"wp","href":"https:\/\/api.w.org\/{rel}","templated":true}]}}