{"id":6603,"date":"2025-10-23T16:36:17","date_gmt":"2025-10-23T19:36:17","guid":{"rendered":"https:\/\/defiendase.com\/?p=6603"},"modified":"2025-10-23T16:36:20","modified_gmt":"2025-10-23T19:36:20","slug":"la-corte-bonaerense-ordena-revisar-el-pedido-de-eutanasia-de-una-mujer-postrada-hace-7-anos","status":"publish","type":"post","link":"https:\/\/defiendase.com\/index.php\/la-corte-bonaerense-ordena-revisar-el-pedido-de-eutanasia-de-una-mujer-postrada-hace-7-anos\/","title":{"rendered":"La Corte bonaerense ordena revisar el pedido de eutanasia de una mujer postrada hace 7 a\u00f1os"},"content":{"rendered":"\n<p>La Suprema Corte de Justicia de la provincia de Buenos Aires dispuso que la Justicia analice en profundidad el pedido de eutanasia de una mujer de 63 a\u00f1os que sufre una enfermedad autoinmune sin cura que le provoca dolores extremos. &nbsp;Con esto, los jueces revirtieron los rechazos previos de tribunales inferiores y ordenaron que el caso sea examinado con todas las garant\u00edas procesales.<\/p>\n\n\n\n<p>Mar\u00eda del Carmen Ludue\u00f1a fue diagnosticada en 2001 con artritis reumatoidea poliarticular, seropositiva y erosiva en grado severo, una patolog\u00eda que le provoca dolores cr\u00f3nicos y resistentes a la medicaci\u00f3n. Desde hace siete a\u00f1os permanece postrada en una cama y depende de terceros para satisfacer todas sus necesidades b\u00e1sicas. Adem\u00e1s en mayo de este a\u00f1o sufri\u00f3 la amputaci\u00f3n de una pierna, lo que agrav\u00f3 su cuadro.<\/p>\n\n\n\n<p>Ya en noviembre de 2024, la mujer hab\u00eda presentado un amparo para acceder a la eutanasia. Su pedido fue rechazado tanto en primera como en segunda instancia con el argumento de que en Argentina no existe una ley que habilite ese procedimiento. No obstante, el m\u00e1ximo tribunal bonaerense consider\u00f3 que desestimar el caso sin an\u00e1lisis de fondo vulner\u00f3 su derecho de acceso a la justicia y al debido proceso.<\/p>\n\n\n\n<p>En su fallo, la Corte remarc\u00f3 que la solicitud involucra derechos constitucionales vinculados con la vida, la autonom\u00eda personal y la dignidad humana. Por eso, orden\u00f3 que un juzgado en lo Contencioso Administrativo del Departamento Judicial Mercedes eval\u00fae la situaci\u00f3n de manera integral, permitiendo la incorporaci\u00f3n de pruebas m\u00e9dicas, testimonios y peritajes que acrediten la capacidad de Ludue\u00f1a para decidir. Tambi\u00e9n se autoriz\u00f3 que el magistrado pueda trasladarse hasta su domicilio para tomarle declaraci\u00f3n personalmente.<\/p>\n\n\n\n<p>Para acompa\u00f1ar su reclamo, los abogados de la mujer &nbsp;hablaron no s\u00f3lo de sufrimiento f\u00edsico intolerable sino tambi\u00e9n de un gran padecimiento &nbsp;emocional. Ella misma describi\u00f3 en distintas declaraciones que su vida se transform\u00f3 en una tortura y por eso quiere terminar con ella. INcluso se refiri\u00f3 a la eutanasia, o a la muerte asistida como un acto de compasi\u00f3n.&nbsp;<\/p>\n\n\n\n<p>El caso podr\u00eda marcar un precedente in\u00e9dito en la jurisprudencia argentina, en un contexto de vac\u00edo legal respecto al derecho a una muerte digna.<\/p>\n","protected":false},"excerpt":{"rendered":"<p>La Suprema Corte de Justicia de la provincia de Buenos Aires dispuso que la Justicia<\/p>\n","protected":false},"author":4,"featured_media":6604,"comment_status":"open","ping_status":"open","sticky":false,"template":"","format":"standard","meta":{"om_disable_all_campaigns":false,"_monsterinsights_skip_tracking":false,"_monsterinsights_sitenote_active":false,"_monsterinsights_sitenote_note":"","_monsterinsights_sitenote_category":0},"categories":[2],"tags":[],"aioseo_notices":[],"jetpack_featured_media_url":"https:\/\/defiendase.com\/wp-content\/uploads\/2025\/10\/IMG_8962.webp","post_mailing_queue_ids":[],"_links":{"self":[{"href":"https:\/\/defiendase.com\/index.php\/wp-json\/wp\/v2\/posts\/6603"}],"collection":[{"href":"https:\/\/defiendase.com\/index.php\/wp-json\/wp\/v2\/posts"}],"about":[{"href":"https:\/\/defiendase.com\/index.php\/wp-json\/wp\/v2\/types\/post"}],"author":[{"embeddable":true,"href":"https:\/\/defiendase.com\/index.php\/wp-json\/wp\/v2\/users\/4"}],"replies":[{"embeddable":true,"href":"https:\/\/defiendase.com\/index.php\/wp-json\/wp\/v2\/comments?post=6603"}],"version-history":[{"count":1,"href":"https:\/\/defiendase.com\/index.php\/wp-json\/wp\/v2\/posts\/6603\/revisions"}],"predecessor-version":[{"id":6605,"href":"https:\/\/defiendase.com\/index.php\/wp-json\/wp\/v2\/posts\/6603\/revisions\/6605"}],"wp:featuredmedia":[{"embeddable":true,"href":"https:\/\/defiendase.com\/index.php\/wp-json\/wp\/v2\/media\/6604"}],"wp:attachment":[{"href":"https:\/\/defiendase.com\/index.php\/wp-json\/wp\/v2\/media?parent=6603"}],"wp:term":[{"taxonomy":"category","embeddable":true,"href":"https:\/\/defiendase.com\/index.php\/wp-json\/wp\/v2\/categories?post=6603"},{"taxonomy":"post_tag","embeddable":true,"href":"https:\/\/defiendase.com\/index.php\/wp-json\/wp\/v2\/tags?post=6603"}],"curies":[{"name":"wp","href":"https:\/\/api.w.org\/{rel}","templated":true}]}}