{"id":6578,"date":"2025-10-16T15:19:15","date_gmt":"2025-10-16T18:19:15","guid":{"rendered":"https:\/\/defiendase.com\/?p=6578"},"modified":"2025-10-16T15:25:00","modified_gmt":"2025-10-16T18:25:00","slug":"uruguay-legalizo-la-eutanasia","status":"publish","type":"post","link":"https:\/\/defiendase.com\/index.php\/uruguay-legalizo-la-eutanasia\/","title":{"rendered":"Uruguay legaliz\u00f3 la eutanasia"},"content":{"rendered":"\n<p>Despu\u00e9s de una discusi\u00f3n que llev\u00f3 a\u00f1os Uruguay se convirti\u00f3 en el primer pa\u00eds de Am\u00e9rica Latina en legalizar la eutanasia a trav\u00e9s de una ley. Esto marca un precedente in\u00e9dito en la regi\u00f3n.<\/p>\n\n\n\n<p>A diferencia de Colombia y Ecuador \u2014donde la eutanasia ha sido despenalizada a partir de fallos judiciales\u2014 la norma uruguaya surge de una iniciativa del Congreso, lo que refuerza su car\u00e1cter institucional y pol\u00edtico. Con esta sanci\u00f3n, Uruguay no solo da un paso adelante en el reconocimiento de derechos individuales, sino que se alinea con pa\u00edses europeos como B\u00e9lgica y los Pa\u00edses Bajos, que han servido de inspiraci\u00f3n para el dise\u00f1o de la ley.<\/p>\n\n\n\n<p>La norma establece que podr\u00e1n acceder al procedimiento las personas mayores de edad, con plena capacidad mental, que padezcan enfermedades graves, incurables o irreversibles, o sufran dolores f\u00edsicos o ps\u00edquicos intolerables que deterioren de manera progresiva su calidad de vida. Adem\u00e1s, se exige que los solicitantes sean ciudadanos uruguayos o extranjeros con residencia habitual comprobada.<\/p>\n\n\n\n<p>Para autorizar la eutanasia, se requerir\u00e1 la evaluaci\u00f3n de al menos dos profesionales m\u00e9dicos. Si existen discrepancias entre ellos, una junta m\u00e9dica ser\u00e1 convocada para emitir un dictamen. La aplicaci\u00f3n del procedimiento quedar\u00e1 en manos de instituciones p\u00fablicas, pero las cl\u00ednicas privadas no estar\u00e1n habilitadas.<\/p>\n\n\n\n<p>Otro aspecto clave es que la muerte ocurrida por esta v\u00eda ser\u00e1 considerada legalmente como una muerte natural. Adem\u00e1s, cada caso deber\u00e1 ser informado ante una comisi\u00f3n especializada que realizar\u00e1 una revisi\u00f3n anual del funcionamiento de la ley y sus aplicaciones.<\/p>\n\n\n\n<p>Ahora Uruguay tendr\u00e1 6 meses para reglamentar la nueva ley y definir los protocolos espec\u00edficos y las condiciones para llevar adelante la \u00abmuerte digna\u00bb.<\/p>\n\n\n\n<p>En la regi\u00f3n, el debate sobre el derecho a morir con dignidad sigue siendo complejo y desigual. En Argentina, por ejemplo, desde 2012 existe una ley que permite rechazar tratamientos m\u00e9dicos o el uso de soporte vital, pero no contempla la eutanasia, que sigue siendo ilegal.<\/p>\n\n\n\n<p><\/p>\n","protected":false},"excerpt":{"rendered":"<p>Despu\u00e9s de una discusi\u00f3n que llev\u00f3 a\u00f1os Uruguay se convirti\u00f3 en el primer pa\u00eds de<\/p>\n","protected":false},"author":4,"featured_media":6579,"comment_status":"open","ping_status":"open","sticky":false,"template":"","format":"standard","meta":{"om_disable_all_campaigns":false,"_monsterinsights_skip_tracking":false,"_monsterinsights_sitenote_active":false,"_monsterinsights_sitenote_note":"","_monsterinsights_sitenote_category":0},"categories":[17],"tags":[],"aioseo_notices":[],"jetpack_featured_media_url":"https:\/\/defiendase.com\/wp-content\/uploads\/2025\/10\/eutanasia-1.jpg","post_mailing_queue_ids":[],"_links":{"self":[{"href":"https:\/\/defiendase.com\/index.php\/wp-json\/wp\/v2\/posts\/6578"}],"collection":[{"href":"https:\/\/defiendase.com\/index.php\/wp-json\/wp\/v2\/posts"}],"about":[{"href":"https:\/\/defiendase.com\/index.php\/wp-json\/wp\/v2\/types\/post"}],"author":[{"embeddable":true,"href":"https:\/\/defiendase.com\/index.php\/wp-json\/wp\/v2\/users\/4"}],"replies":[{"embeddable":true,"href":"https:\/\/defiendase.com\/index.php\/wp-json\/wp\/v2\/comments?post=6578"}],"version-history":[{"count":1,"href":"https:\/\/defiendase.com\/index.php\/wp-json\/wp\/v2\/posts\/6578\/revisions"}],"predecessor-version":[{"id":6580,"href":"https:\/\/defiendase.com\/index.php\/wp-json\/wp\/v2\/posts\/6578\/revisions\/6580"}],"wp:featuredmedia":[{"embeddable":true,"href":"https:\/\/defiendase.com\/index.php\/wp-json\/wp\/v2\/media\/6579"}],"wp:attachment":[{"href":"https:\/\/defiendase.com\/index.php\/wp-json\/wp\/v2\/media?parent=6578"}],"wp:term":[{"taxonomy":"category","embeddable":true,"href":"https:\/\/defiendase.com\/index.php\/wp-json\/wp\/v2\/categories?post=6578"},{"taxonomy":"post_tag","embeddable":true,"href":"https:\/\/defiendase.com\/index.php\/wp-json\/wp\/v2\/tags?post=6578"}],"curies":[{"name":"wp","href":"https:\/\/api.w.org\/{rel}","templated":true}]}}