{"id":6566,"date":"2025-10-15T15:00:17","date_gmt":"2025-10-15T18:00:17","guid":{"rendered":"https:\/\/defiendase.com\/?p=6566"},"modified":"2025-10-15T15:00:21","modified_gmt":"2025-10-15T18:00:21","slug":"un-ginecologo-acusado-de-abuso-que-clama-su-inocencia-y-denuncia-una-operacion-en-su-contra","status":"publish","type":"post","link":"https:\/\/defiendase.com\/index.php\/un-ginecologo-acusado-de-abuso-que-clama-su-inocencia-y-denuncia-una-operacion-en-su-contra\/","title":{"rendered":"Un ginec\u00f3logo acusado de abuso que clama su inocencia y denuncia una operaci\u00f3n en su contra"},"content":{"rendered":"\n<p>El ginec\u00f3logo Diego Clementi empez\u00f3 a ser juzgado en una causa por presuntos abusos en sus consultas en el Centro M\u00e9dico de la Mujer en Burzaco. Sin embargo, el m\u00e9dico sostiene su inocencia de manera enf\u00e1tica y denuncia que su vida fue arruinada por escraches y se\u00f1alamientos estigmatizantes antes de que la justicia se pronuncie.<\/p>\n\n\n\n<p>Clementi rechaz\u00f3 la posibilidad de un juicio abreviado \u2014figura legal que permite una condena r\u00e1pida sin llegar al juicio oral\u2014 con el argumento de que no tiene nada que ocultar. \u201cA pesar del desgaste, tengo el coraje para demostrar que todo esto es falso\u201d, declar\u00f3 ante las consultas period\u00edsticas.<\/p>\n\n\n\n<p>M\u00e1s all\u00e1 de los hechos que deber\u00e1 establecer la Justicia, el caso evidencia c\u00f3mo, en el actual clima social, la presunci\u00f3n de inocencia \u2014principio b\u00e1sico del Estado de Derecho\u2014 se ve en ocasiones desplazada por condenas medi\u00e1ticas y escraches sociales, que muchas veces preceden y hasta condicionan el desarrollo judicial de una causa.<\/p>\n\n\n\n<p>El antecedente de Pablo Ghisoni, obstetra de Temperley acusado falsamente en un caso que termin\u00f3 desmoron\u00e1ndose en la justicia, es una se\u00f1al de alarma a tener en cuenta. La investigaci\u00f3n del fiscal Jorge Bettini Sansoni revel\u00f3 entonces un entramado de actores que habr\u00edan promovido la denuncia con fines pol\u00edticos, incluyendo organizaciones militantes, funcionarios y peritos que actuaron en complicidad con la denunciante.<\/p>\n\n\n\n<p>En el caso Clementi, las similitudes con ese episodio inquietan. Todo comenz\u00f3 con una denuncia en 2017 que, tras haber sido archivada, fue sorpresivamente reactivada. Desde entonces, se sumaron m\u00e1s testimonios con relatos de supuestos abusos durante consultas m\u00e9dicas ocurridas entre 2017 y 2022. Sin embargo, varios de esos testimonios describen pr\u00e1cticas m\u00e9dicas comunes \u2014como el uso del esp\u00e9culo\u2014 interpretadas como actos de abuso.<\/p>\n\n\n\n<p>Clementi advierte que detr\u00e1s de las denuncias existe una campa\u00f1a orquestada con objetivos extorsivos. En esa l\u00ednea, tres pericias t\u00e9cnicas realizadas durante la etapa de instrucci\u00f3n \u2014y validadas por el Colegio de M\u00e9dicos de la provincia de Buenos Aires\u2014 descartaron la existencia de conductas abusivas. No obstante, la causa avanz\u00f3 hacia el juicio oral, impulsada por un contexto que, muchas veces, reemplaza la evidencia por el se\u00f1alamiento p\u00fablico.<\/p>\n\n\n\n<p>Durante el \u00faltimo tiempo, Clementi ha sido blanco de escraches, difamaciones en redes sociales y campa\u00f1as de desprestigio que han afectado su vida personal y profesional. Todo ello, antes de que exista una sentencia firme que determine su responsabilidad penal.<\/p>\n\n\n\n<p>El proceso judicial en curso deber\u00e1 dilucidar los hechos y establecer si hubo delito o no. Pero mientras tanto, la discusi\u00f3n de fondo trasciende lo jur\u00eddico: \u00bfcu\u00e1nto da\u00f1o puede causar una condena anticipada en nombre de una causa justa, si no se respeta el debido proceso?<\/p>\n\n\n\n<figure class=\"wp-block-video\"><video controls src=\"https:\/\/defiendase.com\/wp-content\/uploads\/2025\/10\/232db98c-a5e4-42df-924e-b26fb964bb30.mov\"><\/video><\/figure>\n\n\n\n<figure class=\"wp-block-image\"><img alt=\"\"\/><\/figure>\n","protected":false},"excerpt":{"rendered":"<p>El ginec\u00f3logo Diego Clementi empez\u00f3 a ser juzgado en una causa por presuntos abusos en<\/p>\n","protected":false},"author":4,"featured_media":6567,"comment_status":"open","ping_status":"open","sticky":false,"template":"","format":"standard","meta":{"om_disable_all_campaigns":false,"_monsterinsights_skip_tracking":false,"_monsterinsights_sitenote_active":false,"_monsterinsights_sitenote_note":"","_monsterinsights_sitenote_category":0},"categories":[263],"tags":[],"aioseo_notices":[],"jetpack_featured_media_url":"https:\/\/defiendase.com\/wp-content\/uploads\/2025\/10\/daa51116-fcb2-464a-b8db-388183af0b2c.jpeg","post_mailing_queue_ids":[],"_links":{"self":[{"href":"https:\/\/defiendase.com\/index.php\/wp-json\/wp\/v2\/posts\/6566"}],"collection":[{"href":"https:\/\/defiendase.com\/index.php\/wp-json\/wp\/v2\/posts"}],"about":[{"href":"https:\/\/defiendase.com\/index.php\/wp-json\/wp\/v2\/types\/post"}],"author":[{"embeddable":true,"href":"https:\/\/defiendase.com\/index.php\/wp-json\/wp\/v2\/users\/4"}],"replies":[{"embeddable":true,"href":"https:\/\/defiendase.com\/index.php\/wp-json\/wp\/v2\/comments?post=6566"}],"version-history":[{"count":1,"href":"https:\/\/defiendase.com\/index.php\/wp-json\/wp\/v2\/posts\/6566\/revisions"}],"predecessor-version":[{"id":6569,"href":"https:\/\/defiendase.com\/index.php\/wp-json\/wp\/v2\/posts\/6566\/revisions\/6569"}],"wp:featuredmedia":[{"embeddable":true,"href":"https:\/\/defiendase.com\/index.php\/wp-json\/wp\/v2\/media\/6567"}],"wp:attachment":[{"href":"https:\/\/defiendase.com\/index.php\/wp-json\/wp\/v2\/media?parent=6566"}],"wp:term":[{"taxonomy":"category","embeddable":true,"href":"https:\/\/defiendase.com\/index.php\/wp-json\/wp\/v2\/categories?post=6566"},{"taxonomy":"post_tag","embeddable":true,"href":"https:\/\/defiendase.com\/index.php\/wp-json\/wp\/v2\/tags?post=6566"}],"curies":[{"name":"wp","href":"https:\/\/api.w.org\/{rel}","templated":true}]}}