{"id":6559,"date":"2025-10-14T15:03:07","date_gmt":"2025-10-14T18:03:07","guid":{"rendered":"https:\/\/defiendase.com\/?p=6559"},"modified":"2025-10-14T15:04:41","modified_gmt":"2025-10-14T18:04:41","slug":"con-santilli-pero-sin-la-foto-de-santilli","status":"publish","type":"post","link":"https:\/\/defiendase.com\/index.php\/con-santilli-pero-sin-la-foto-de-santilli\/","title":{"rendered":"Con Santilli, pero sin la foto de Santilli"},"content":{"rendered":"\n<p>Una de cal y una de arena. Despu\u00e9s de habilitar a Diego Santilli para encabezar la lista de candidatos de La Libertad Avanza, la C\u00e1mara Nacional Electoral (CNE) desestim\u00f3 el planteo del Gobierno para volver a imprimir las boletas \u00fanicas de papel en la provincia de Buenos Aires y reemplazar la imagen del ex candidato Jos\u00e9 Luis Espert y por la foto del hombre del PRO.<\/p>\n\n\n\n<p>El tribunal explic\u00f3 que ya no existen condiciones materiales ni de tiempo para realizar una nueva tirada de casi 14 millones de boletas sin poner en riesgo el desarrollo de las elecciones del 26 de octubre.<\/p>\n\n\n\n<p>La decisi\u00f3n ratifica el criterio de la Junta Electoral bonaerense, que hab\u00eda advertido que modificar el dise\u00f1o a menos de dos semanas de la elecci\u00f3n era inviable. \u00abEn esta etapa resulta imposible la reimpresi\u00f3n\u00bb, subray\u00f3 la C\u00e1mara, en l\u00ednea con lo expresado por el fiscal federal Ramiro Gonz\u00e1lez, que tambi\u00e9n se hab\u00eda opuesto a la medida por considerarla \u00abf\u00e1cticamente imposible\u00bb.<\/p>\n\n\n\n<p>La resoluci\u00f3n del tribunal responde a la apelaci\u00f3n que hab\u00eda presentado La Libertad Avanza, argumentando que la imagen de Espert afectaba la transparencia del proceso y reclamando un redise\u00f1o urgente de la boleta.<\/p>\n\n\n\n<p>Con este fallo, el m\u00e1ximo \u00f3rgano electoral le puso punto final a la controversia y dej\u00f3 firme la utilizaci\u00f3n de las boletas originales en territorio bonaerense.<\/p>\n\n\n\n<p>A partir de esto, en el comando de campa\u00f1a libertario anticiparon que en los pr\u00f3ximos d\u00edas focalizar\u00e1n las energ\u00edas en mostrar a Diego Santilli junto a Milei y establecer m\u00e1s recorridas del nuevo candidato en el conurbano. Tambi\u00e9n buscar\u00e1n que los afiches que est\u00e9n en los pasillos de las escuelas tengan su cara y no la de Espert. Como tercera pata de la estrategia, seguir\u00e1n polarizando con el kirchnerismo, intentando solapar a otras opciones como Provincias Unidas o Potencia, que pueden robarle votos al espacio libertario.&nbsp;<\/p>\n","protected":false},"excerpt":{"rendered":"<p>Una de cal y una de arena. Despu\u00e9s de habilitar a Diego Santilli para encabezar<\/p>\n","protected":false},"author":4,"featured_media":6562,"comment_status":"open","ping_status":"open","sticky":false,"template":"","format":"standard","meta":{"om_disable_all_campaigns":false,"_monsterinsights_skip_tracking":false,"_monsterinsights_sitenote_active":false,"_monsterinsights_sitenote_note":"","_monsterinsights_sitenote_category":0},"categories":[263],"tags":[],"aioseo_notices":[],"jetpack_featured_media_url":"https:\/\/defiendase.com\/wp-content\/uploads\/2025\/10\/IMG_7368.webp","post_mailing_queue_ids":[],"_links":{"self":[{"href":"https:\/\/defiendase.com\/index.php\/wp-json\/wp\/v2\/posts\/6559"}],"collection":[{"href":"https:\/\/defiendase.com\/index.php\/wp-json\/wp\/v2\/posts"}],"about":[{"href":"https:\/\/defiendase.com\/index.php\/wp-json\/wp\/v2\/types\/post"}],"author":[{"embeddable":true,"href":"https:\/\/defiendase.com\/index.php\/wp-json\/wp\/v2\/users\/4"}],"replies":[{"embeddable":true,"href":"https:\/\/defiendase.com\/index.php\/wp-json\/wp\/v2\/comments?post=6559"}],"version-history":[{"count":1,"href":"https:\/\/defiendase.com\/index.php\/wp-json\/wp\/v2\/posts\/6559\/revisions"}],"predecessor-version":[{"id":6561,"href":"https:\/\/defiendase.com\/index.php\/wp-json\/wp\/v2\/posts\/6559\/revisions\/6561"}],"wp:featuredmedia":[{"embeddable":true,"href":"https:\/\/defiendase.com\/index.php\/wp-json\/wp\/v2\/media\/6562"}],"wp:attachment":[{"href":"https:\/\/defiendase.com\/index.php\/wp-json\/wp\/v2\/media?parent=6559"}],"wp:term":[{"taxonomy":"category","embeddable":true,"href":"https:\/\/defiendase.com\/index.php\/wp-json\/wp\/v2\/categories?post=6559"},{"taxonomy":"post_tag","embeddable":true,"href":"https:\/\/defiendase.com\/index.php\/wp-json\/wp\/v2\/tags?post=6559"}],"curies":[{"name":"wp","href":"https:\/\/api.w.org\/{rel}","templated":true}]}}