{"id":6553,"date":"2025-10-13T15:25:12","date_gmt":"2025-10-13T18:25:12","guid":{"rendered":"https:\/\/defiendase.com\/?p=6553"},"modified":"2025-10-13T15:25:15","modified_gmt":"2025-10-13T18:25:15","slug":"ya-tiene-fecha-el-juicio-politico-a-makintach","status":"publish","type":"post","link":"https:\/\/defiendase.com\/index.php\/ya-tiene-fecha-el-juicio-politico-a-makintach\/","title":{"rendered":"Ya tiene fecha el juicio pol\u00edtico a Makintach"},"content":{"rendered":"\n<p>El 6 de noviembre comenzar\u00e1 el juicio pol\u00edtico contra la jueza Julieta Makintach, acusada de haber filmado un documental sobre el juicio por la muerte de Diego Maradona mientras integraba el tribunal que deb\u00eda determinar si hubo responsabilidades penales en ese hecho. La producci\u00f3n audiovisual \u2014que nunca fue emitida\u2014 habr\u00eda sido registrada con acceso privilegiado y sin autorizaci\u00f3n, lo que gener\u00f3 fuertes cuestionamientos sobre su conducta \u00e9tica y profesional.<\/p>\n\n\n\n<p>La denuncia contra la magistrada fue impulsada en junio por el procurador general, Julio Conte Grand, luego de que el juicio original fuera declarado nulo. En su presentaci\u00f3n, de 38 p\u00e1ginas, el procurador detall\u00f3 nueve presuntas irregularidades cometidas por Makintach, entre ellas el uso indebido de instalaciones judiciales, la autorizaci\u00f3n a un equipo para filmar de forma clandestina dentro de la sala de audiencias, y la presunta utilizaci\u00f3n de recursos p\u00fablicos para fines personales.<\/p>\n\n\n\n<p>Conte Grand tambi\u00e9n la acus\u00f3 de mentir ante sus colegas y ante la prensa respecto a su implicaci\u00f3n en el proyecto audiovisual, y de mantener una \u00abparcialidad manifiesta\u00bb\u201d durante el juicio, lo que, seg\u00fan se\u00f1al\u00f3, deriv\u00f3 directamente en la nulidad del proceso. La gravedad del caso fue tal que tanto la fiscal\u00eda como las partes implicadas en el juicio coincidieron en que deb\u00eda anularse todo lo actuado.<\/p>\n\n\n\n<p>El jurado que deber\u00e1 evaluar la conducta de Makintach estar\u00e1 presidido por la jueza Hilda Kogan e integrado por legisladores de distintos espacios pol\u00edticos, as\u00ed como por cinco abogados designados por sorteo. En agosto, este cuerpo ya hab\u00eda considerado admisible la acusaci\u00f3n, lo que habilit\u00f3 el inicio formal del juicio pol\u00edtico.<\/p>\n\n\n\n<p>El desarrollo del juicio pol\u00edtico podr\u00eda marcar el final de la carrera judicial de Makintach, si el jurado determina que incurri\u00f3 en faltas graves en el ejercicio de su funci\u00f3n.<\/p>\n","protected":false},"excerpt":{"rendered":"<p>El 6 de noviembre comenzar\u00e1 el juicio pol\u00edtico contra la jueza Julieta Makintach, acusada de<\/p>\n","protected":false},"author":4,"featured_media":6554,"comment_status":"open","ping_status":"open","sticky":false,"template":"","format":"standard","meta":{"om_disable_all_campaigns":false,"_monsterinsights_skip_tracking":false,"_monsterinsights_sitenote_active":false,"_monsterinsights_sitenote_note":"","_monsterinsights_sitenote_category":0},"categories":[263],"tags":[],"aioseo_notices":[],"jetpack_featured_media_url":"https:\/\/defiendase.com\/wp-content\/uploads\/2025\/10\/jueza-makintach.jpg","post_mailing_queue_ids":[],"_links":{"self":[{"href":"https:\/\/defiendase.com\/index.php\/wp-json\/wp\/v2\/posts\/6553"}],"collection":[{"href":"https:\/\/defiendase.com\/index.php\/wp-json\/wp\/v2\/posts"}],"about":[{"href":"https:\/\/defiendase.com\/index.php\/wp-json\/wp\/v2\/types\/post"}],"author":[{"embeddable":true,"href":"https:\/\/defiendase.com\/index.php\/wp-json\/wp\/v2\/users\/4"}],"replies":[{"embeddable":true,"href":"https:\/\/defiendase.com\/index.php\/wp-json\/wp\/v2\/comments?post=6553"}],"version-history":[{"count":1,"href":"https:\/\/defiendase.com\/index.php\/wp-json\/wp\/v2\/posts\/6553\/revisions"}],"predecessor-version":[{"id":6555,"href":"https:\/\/defiendase.com\/index.php\/wp-json\/wp\/v2\/posts\/6553\/revisions\/6555"}],"wp:featuredmedia":[{"embeddable":true,"href":"https:\/\/defiendase.com\/index.php\/wp-json\/wp\/v2\/media\/6554"}],"wp:attachment":[{"href":"https:\/\/defiendase.com\/index.php\/wp-json\/wp\/v2\/media?parent=6553"}],"wp:term":[{"taxonomy":"category","embeddable":true,"href":"https:\/\/defiendase.com\/index.php\/wp-json\/wp\/v2\/categories?post=6553"},{"taxonomy":"post_tag","embeddable":true,"href":"https:\/\/defiendase.com\/index.php\/wp-json\/wp\/v2\/tags?post=6553"}],"curies":[{"name":"wp","href":"https:\/\/api.w.org\/{rel}","templated":true}]}}