{"id":6546,"date":"2025-10-10T09:44:15","date_gmt":"2025-10-10T12:44:15","guid":{"rendered":"https:\/\/defiendase.com\/?p=6546"},"modified":"2025-10-10T09:44:18","modified_gmt":"2025-10-10T12:44:18","slug":"alberto-fernandez-otra-vez-complicado-por-la-cuarentena","status":"publish","type":"post","link":"https:\/\/defiendase.com\/index.php\/alberto-fernandez-otra-vez-complicado-por-la-cuarentena\/","title":{"rendered":"Alberto Fern\u00e1ndez, otra vez complicado por la cuarentena"},"content":{"rendered":"\n<p>La C\u00e1mara Federal porte\u00f1a revoc\u00f3 el sobreseimiento del expresidente Alberto Fern\u00e1ndez y dispuso que contin\u00fae la investigaci\u00f3n sobre la presunta manipulaci\u00f3n pol\u00edtica de la cuarentena durante la pandemia.<\/p>\n\n\n\n<p>En su fallo los camaristas le pidieron a la jueza Mar\u00eda Servini realizar nuevas medidas de prueba de acuerdo a la investigaci\u00f3n &nbsp;del fiscal Carlos Stornelli, que sostiene que Fern\u00e1ndez podr\u00eda haber prolongado las restricciones sanitarias con el objetivo de fortalecer su imagen y sus chances electorales.<\/p>\n\n\n\n<p>La causa se origin\u00f3 a partir de una denuncia del legislador porte\u00f1o Yamil Santoro, luego de que el exministro de Econom\u00eda de Fern\u00e1ndez, Mart\u00edn Guzm\u00e1n, declarara en una entrevista que la cuarentena \u201cse extendi\u00f3 m\u00e1s de lo necesario por conveniencia pol\u00edtica\u201d y que \u201cla gesti\u00f3n de la pandemia era el principal capital pol\u00edtico del Gobierno\u201d.<\/p>\n\n\n\n<p>Entre las medidas que se tomar\u00e1n est\u00e1 &nbsp;la comparaci\u00f3n entre la duraci\u00f3n de la cuarentena argentina y las restricciones aplicadas en otros pa\u00edses, un an\u00e1lisis de los criterios sanitarios adoptados por la Organizaci\u00f3n Mundial de la Salud &nbsp;y datos sobre posibles encuestas o estudios de opini\u00f3n encargados para evaluar el impacto pol\u00edtico de las medidas.&nbsp;<\/p>\n\n\n\n<p>Pese a que &nbsp;la jueza Servini hab\u00eda sobrese\u00eddo a Alberto Fern\u00e1ndez por entender que no exist\u00edan evidencias que vincularan la duraci\u00f3n de la cuarentena con fines electorales, los jueces se\u00f1alaron que \u00ablos elementos reunidos hasta ahora no permiten descartar las hip\u00f3tesis del fiscal sin agotar las pruebas disponibles\u00bb.&nbsp;<\/p>\n","protected":false},"excerpt":{"rendered":"<p>La C\u00e1mara Federal porte\u00f1a revoc\u00f3 el sobreseimiento del expresidente Alberto Fern\u00e1ndez y dispuso que contin\u00fae<\/p>\n","protected":false},"author":4,"featured_media":6547,"comment_status":"open","ping_status":"open","sticky":false,"template":"","format":"standard","meta":{"om_disable_all_campaigns":false,"_monsterinsights_skip_tracking":false,"_monsterinsights_sitenote_active":false,"_monsterinsights_sitenote_note":"","_monsterinsights_sitenote_category":0},"categories":[263],"tags":[],"aioseo_notices":[],"jetpack_featured_media_url":"https:\/\/defiendase.com\/wp-content\/uploads\/2025\/10\/e0d49aef-48f8-416e-bb6c-6ee39ca9614b.jpeg","post_mailing_queue_ids":[],"_links":{"self":[{"href":"https:\/\/defiendase.com\/index.php\/wp-json\/wp\/v2\/posts\/6546"}],"collection":[{"href":"https:\/\/defiendase.com\/index.php\/wp-json\/wp\/v2\/posts"}],"about":[{"href":"https:\/\/defiendase.com\/index.php\/wp-json\/wp\/v2\/types\/post"}],"author":[{"embeddable":true,"href":"https:\/\/defiendase.com\/index.php\/wp-json\/wp\/v2\/users\/4"}],"replies":[{"embeddable":true,"href":"https:\/\/defiendase.com\/index.php\/wp-json\/wp\/v2\/comments?post=6546"}],"version-history":[{"count":1,"href":"https:\/\/defiendase.com\/index.php\/wp-json\/wp\/v2\/posts\/6546\/revisions"}],"predecessor-version":[{"id":6548,"href":"https:\/\/defiendase.com\/index.php\/wp-json\/wp\/v2\/posts\/6546\/revisions\/6548"}],"wp:featuredmedia":[{"embeddable":true,"href":"https:\/\/defiendase.com\/index.php\/wp-json\/wp\/v2\/media\/6547"}],"wp:attachment":[{"href":"https:\/\/defiendase.com\/index.php\/wp-json\/wp\/v2\/media?parent=6546"}],"wp:term":[{"taxonomy":"category","embeddable":true,"href":"https:\/\/defiendase.com\/index.php\/wp-json\/wp\/v2\/categories?post=6546"},{"taxonomy":"post_tag","embeddable":true,"href":"https:\/\/defiendase.com\/index.php\/wp-json\/wp\/v2\/tags?post=6546"}],"curies":[{"name":"wp","href":"https:\/\/api.w.org\/{rel}","templated":true}]}}