{"id":6543,"date":"2025-10-10T09:43:00","date_gmt":"2025-10-10T12:43:00","guid":{"rendered":"https:\/\/defiendase.com\/?p=6543"},"modified":"2025-10-10T09:43:03","modified_gmt":"2025-10-10T12:43:03","slug":"otro-reves-para-el-gobierno-no-habra-reimpresion-de-boletas-en-provincia","status":"publish","type":"post","link":"https:\/\/defiendase.com\/index.php\/otro-reves-para-el-gobierno-no-habra-reimpresion-de-boletas-en-provincia\/","title":{"rendered":"Otro rev\u00e9s para el Gobierno: no habr\u00e1 reimpresi\u00f3n de boletas en provincia"},"content":{"rendered":"\n<p>Las elecciones legislativas nacionales en la provincia de Buenos Aires siguen torcidas para el Gobierno, que en las \u00faltimas horas recibi\u00f3 la noticia que no quer\u00eda desde la justicia electoral. La junta encargada de las elecciones rechaz\u00f3 el pedido de La Libertad Avanza para reimprimir las boletas reemplazando a Jos\u00e9 Luis Espert tras la renuncia a su candidatura en el marco de las acusaciones de lavado de dinero.&nbsp;<\/p>\n\n\n\n<p>\u00abResulta material, temporal y jur\u00eddicamente inviable\u00bb. Con ese argumento, la presidenta de la Suprema Corte Hilda Kogan, el presidente de la C\u00e1mara Federal de Apelaciones de La Plata, Jorge Eduardo Di Lorenzo, &nbsp;y el juez Alejo Ramos Padilla echaron por tierra las intenciones del Gobierno de reimprimir la totalidad de las boletas reemplazando a Espert por Diego Santilli o en su defecto, al menos por Karen Reichardt, que figura segunda y por ahora encabezar\u00e1 la lista.<\/p>\n\n\n\n<p>Los factores que motivaron la decisi\u00f3n de la justicia fueron principalmente dos. El primero es el econ\u00f3mico. Seg\u00fan los informes t\u00e9cnicos, el costo de una eventual reimpresi\u00f3n superaba los 12 millones de pesos. Y el segundo es el log\u00edstico: tener todos los nuevos lotes listos demorar\u00eda entre 9 y 12 d\u00edas y el correo sostuvo que para la distribuci\u00f3n \u00f3ptima de todas las papeletas en las 38.760 mesas bonaerenses necesita al menos 10 d\u00edas. Las cuentas no cerraban por ning\u00fan lado.&nbsp;<\/p>\n\n\n\n<p>En el oficialismo est\u00e1n alertas. Creen que el debut de la Boleta \u00danica sumado a la confusi\u00f3n que generar\u00e1 ver a Espert como cabeza de lista har\u00e1 que muchos votantes terminen eligiendo otras opciones. La primera decisi\u00f3n que tomaron en el comando electoral violeta es empezar a hacer girar la campa\u00f1a en torno al partido y no a los candidatos, llamando a votar directamente por La Libertad Avanza.&nbsp;<\/p>\n\n\n\n<p>\u00abSomos nosotros o el kirchnerismo\u00bb, dicen, convencidos de que en la provincia la elecci\u00f3n terminar\u00e1 siendo blanco o negro sin importar los nombres. Una apuesta arriesgada teniendo en cuenta la \u00faltima votaci\u00f3n.&nbsp;<\/p>\n","protected":false},"excerpt":{"rendered":"<p>Las elecciones legislativas nacionales en la provincia de Buenos Aires siguen torcidas para el Gobierno,<\/p>\n","protected":false},"author":4,"featured_media":6544,"comment_status":"open","ping_status":"open","sticky":false,"template":"","format":"standard","meta":{"om_disable_all_campaigns":false,"_monsterinsights_skip_tracking":false,"_monsterinsights_sitenote_active":false,"_monsterinsights_sitenote_note":"","_monsterinsights_sitenote_category":0},"categories":[263],"tags":[],"aioseo_notices":[],"jetpack_featured_media_url":"https:\/\/defiendase.com\/wp-content\/uploads\/2025\/10\/ec8ddf4a-08a4-4046-8535-b053258a1776.jpeg","post_mailing_queue_ids":[],"_links":{"self":[{"href":"https:\/\/defiendase.com\/index.php\/wp-json\/wp\/v2\/posts\/6543"}],"collection":[{"href":"https:\/\/defiendase.com\/index.php\/wp-json\/wp\/v2\/posts"}],"about":[{"href":"https:\/\/defiendase.com\/index.php\/wp-json\/wp\/v2\/types\/post"}],"author":[{"embeddable":true,"href":"https:\/\/defiendase.com\/index.php\/wp-json\/wp\/v2\/users\/4"}],"replies":[{"embeddable":true,"href":"https:\/\/defiendase.com\/index.php\/wp-json\/wp\/v2\/comments?post=6543"}],"version-history":[{"count":1,"href":"https:\/\/defiendase.com\/index.php\/wp-json\/wp\/v2\/posts\/6543\/revisions"}],"predecessor-version":[{"id":6545,"href":"https:\/\/defiendase.com\/index.php\/wp-json\/wp\/v2\/posts\/6543\/revisions\/6545"}],"wp:featuredmedia":[{"embeddable":true,"href":"https:\/\/defiendase.com\/index.php\/wp-json\/wp\/v2\/media\/6544"}],"wp:attachment":[{"href":"https:\/\/defiendase.com\/index.php\/wp-json\/wp\/v2\/media?parent=6543"}],"wp:term":[{"taxonomy":"category","embeddable":true,"href":"https:\/\/defiendase.com\/index.php\/wp-json\/wp\/v2\/categories?post=6543"},{"taxonomy":"post_tag","embeddable":true,"href":"https:\/\/defiendase.com\/index.php\/wp-json\/wp\/v2\/tags?post=6543"}],"curies":[{"name":"wp","href":"https:\/\/api.w.org\/{rel}","templated":true}]}}