{"id":6534,"date":"2025-10-08T12:51:48","date_gmt":"2025-10-08T15:51:48","guid":{"rendered":"https:\/\/defiendase.com\/?p=6534"},"modified":"2025-10-08T12:51:51","modified_gmt":"2025-10-08T15:51:51","slug":"reves-judicial-al-gobierno-karen-reichardt-y-no-santilli-sera-por-ahora-la-cabeza-de-lista-en-bs-as","status":"publish","type":"post","link":"https:\/\/defiendase.com\/index.php\/reves-judicial-al-gobierno-karen-reichardt-y-no-santilli-sera-por-ahora-la-cabeza-de-lista-en-bs-as\/","title":{"rendered":"Rev\u00e9s judicial al Gobierno: Karen Reichardt y no Santilli ser\u00e1 (por ahora) la cabeza de lista en Bs As"},"content":{"rendered":"\n<p>Despu\u00e9s de la escandalosa renuncia de Jos\u00e9 Luis Espert a su candidatura a primer diputado en la provincia de Buenos Aires por La Libertad Avanza, la justicia le dio un nuevo dolor de cabeza a Javier Milei. El juez federal Alejo Ramos Padilla firm\u00f3 una resoluci\u00f3n este mi\u00e9rcoles en la que rechaz\u00f3 el pedido del Gobierno para que Diego Santilli (tercero en la n\u00f3mina libertaria) encabece la lista y dispuso que sea Karen Reichardt (segunda por la Ley de paridad de g\u00e9nero) la primera candidata.<\/p>\n\n\n\n<p>\u00abResuelvo no hacer lugar a los corrimientos solicitados por la alianza La Libertad Avanza\u00bb, sostuvo el magistrado, que adem\u00e1s hizo lugar a las presentaciones en contra de esta estrategia que hizo el peronismo. Recordemos que en las legislativas nacionales se utilizar\u00e1 la Boleta \u00danica de Papel, que lleva a todos los candidatos, con lo que cualquier cambio afecta a todos los partidos. &nbsp;&nbsp;<\/p>\n\n\n\n<p>Para justificar su decisi\u00f3n, Ramos Padilla explic\u00f3 que, de acuerdo a la Ley de paridad de g\u00e9nero, el \u00fanico puesto que no afecta el orden es el primero de la lista. \u00abJunto con el \u00faltimo suplente, se trata del \u00fanico puesto de la lista de candidatos\/as que, al quedar vacante, no afecta la paridad de g\u00e9nero. Por dar un ejemplo, si renuncia el candidato var\u00f3n N\u00b0 13 de una lista, la candidata 12 y la 14 quedar\u00edan consecutivas, afectando la alternancia. Ello no ocurre con el primer puesto de la lista de candidatos\/as\u00bb. Luego agreg\u00f3 que si Santilli se antepone a Karen Reichard se generar\u00eda \u00abun efecto cascada donde todos los candidatos varones deben anteponerse a las candidatas mujeres que pose\u00edan un mejor lugar en la lista y, por lo tanto, contaban con m\u00e1s chances de acceder a un cargo\u00bb.<\/p>\n\n\n\n<p>En medio de la pelea para lograr la reimpresi\u00f3n de la boleta \u00fanica con la cara de Santilli en la columna de La Libertad Avanza, ahora el partido de Milei debe resolver a contrarreloj si apela el fallo. Esa movida podr\u00eda generar m\u00e1s demoras y, en caso de lograr que sea el ex PRO el primer candidato, no dejar margen para cambiar las papeletas para el 26 de octubre.&nbsp;<\/p>\n\n\n\n<p>La otra opci\u00f3n viable es que Karen Reichard tambi\u00e9n renuncie a su postulaci\u00f3n, liber\u00e1ndole el camino a Santilli.&nbsp;<\/p>\n\n\n\n<p>Son horas decisivas para el oficialismo. Pero la elecci\u00f3n en la provincia parece cada vez m\u00e1s cuesta arriba.<\/p>\n","protected":false},"excerpt":{"rendered":"<p>Despu\u00e9s de la escandalosa renuncia de Jos\u00e9 Luis Espert a su candidatura a primer diputado<\/p>\n","protected":false},"author":4,"featured_media":6535,"comment_status":"open","ping_status":"open","sticky":false,"template":"","format":"standard","meta":{"om_disable_all_campaigns":false,"_monsterinsights_skip_tracking":false,"_monsterinsights_sitenote_active":false,"_monsterinsights_sitenote_note":"","_monsterinsights_sitenote_category":0},"categories":[263],"tags":[],"aioseo_notices":[],"jetpack_featured_media_url":"https:\/\/defiendase.com\/wp-content\/uploads\/2025\/10\/IMG_6774.webp","post_mailing_queue_ids":[],"_links":{"self":[{"href":"https:\/\/defiendase.com\/index.php\/wp-json\/wp\/v2\/posts\/6534"}],"collection":[{"href":"https:\/\/defiendase.com\/index.php\/wp-json\/wp\/v2\/posts"}],"about":[{"href":"https:\/\/defiendase.com\/index.php\/wp-json\/wp\/v2\/types\/post"}],"author":[{"embeddable":true,"href":"https:\/\/defiendase.com\/index.php\/wp-json\/wp\/v2\/users\/4"}],"replies":[{"embeddable":true,"href":"https:\/\/defiendase.com\/index.php\/wp-json\/wp\/v2\/comments?post=6534"}],"version-history":[{"count":1,"href":"https:\/\/defiendase.com\/index.php\/wp-json\/wp\/v2\/posts\/6534\/revisions"}],"predecessor-version":[{"id":6536,"href":"https:\/\/defiendase.com\/index.php\/wp-json\/wp\/v2\/posts\/6534\/revisions\/6536"}],"wp:featuredmedia":[{"embeddable":true,"href":"https:\/\/defiendase.com\/index.php\/wp-json\/wp\/v2\/media\/6535"}],"wp:attachment":[{"href":"https:\/\/defiendase.com\/index.php\/wp-json\/wp\/v2\/media?parent=6534"}],"wp:term":[{"taxonomy":"category","embeddable":true,"href":"https:\/\/defiendase.com\/index.php\/wp-json\/wp\/v2\/categories?post=6534"},{"taxonomy":"post_tag","embeddable":true,"href":"https:\/\/defiendase.com\/index.php\/wp-json\/wp\/v2\/tags?post=6534"}],"curies":[{"name":"wp","href":"https:\/\/api.w.org\/{rel}","templated":true}]}}