{"id":6528,"date":"2025-10-06T13:31:32","date_gmt":"2025-10-06T16:31:32","guid":{"rendered":"https:\/\/defiendase.com\/?p=6528"},"modified":"2025-10-06T13:31:34","modified_gmt":"2025-10-06T16:31:34","slug":"espert-afuera-que-pasa-con-la-boleta","status":"publish","type":"post","link":"https:\/\/defiendase.com\/index.php\/espert-afuera-que-pasa-con-la-boleta\/","title":{"rendered":"Espert afuera: \u00bfQu\u00e9 pasa con la boleta?"},"content":{"rendered":"\n<p>La renuncia de Jos\u00e9 Luis Espert a su candidatura a primer diputado en la provincia de Buenos Aires abre una pol\u00e9mica en la Justicia Electoral. La Libertad Avanza quiere que ahora sea Diego Santilli el que encabece la lista, pero desde el Juzgado N\u00b01 de La Plata, que est\u00e1 a cargo de las elecciones, dicen que los tiempos no dan para cambiar las boletas.<\/p>\n\n\n\n<p>El problema pasa por el debut de la Boleta \u00danica de Papel, que no solo contiene a Espert sino a todos los candidatos de todas las fuerzas que competir\u00e1n el 26 de octubre en territorio bonaerense. Seg\u00fan explicaron desde la Justicia Electoral, la instancia de impresi\u00f3n ya est\u00e1 avanzada e incluso empez\u00f3 el operativo de fraccionamiento y despliegue. Reimprimir todo de cero parece improbable y costar\u00eda unos 12 millones de d\u00f3lares extra.<\/p>\n\n\n\n<p>\u00abSe har\u00e1 la presentaci\u00f3n judicial y el juez ver\u00e1 si dan los plazos para reimprimir boletas diferentes. Hay una parte impresa y una parte que no. Si dieran los tiempos, porque el proceso no es solo la impresi\u00f3n sino un cronograma de armar las bolsas, que vayan a la Justicia&#8230; es un proceso complicado\u00bb, admiti\u00f3 el jefe de Gabinete Guillermo Francos.<\/p>\n\n\n\n<p>Se calcula que para que Santilli figure primero en la boleta habr\u00eda que reimprimir unos 18 millones de boletas. En la Provincia hay m\u00e1s de 13 millones de electores y a eso se suman unos 5 millones de boletas m\u00e1s que se tienen por las dudas. Ese proceso demanda entre 12 y 13 d\u00edas en la imprenta y a eso hay que sumarle la log\u00edstica de separaci\u00f3n y distribuci\u00f3n.&nbsp;<\/p>\n\n\n\n<p>La oposici\u00f3n ya anticip\u00f3 que har\u00e1 una presentaci\u00f3n para que en caso de tener que empezar todo de cero sea La Libertad Avanza la que afronte el millonario costo. El propio Guillermo Francos sostuvo que en ese caso tendr\u00e1n que pedir donaciones porque el partido no cuenta con ese dinero.&nbsp;<\/p>\n\n\n\n<p>As\u00ed, la renuncia de Espert no s\u00f3lo provoc\u00f3 un tembladeral pol\u00edtico sino tambi\u00e9n uno judicial. Y todav\u00eda no est\u00e1 claro c\u00f3mo terminar\u00e1 ninguno de los dos.&nbsp;<\/p>\n","protected":false},"excerpt":{"rendered":"<p>La renuncia de Jos\u00e9 Luis Espert a su candidatura a primer diputado en la provincia<\/p>\n","protected":false},"author":4,"featured_media":6529,"comment_status":"open","ping_status":"open","sticky":false,"template":"","format":"standard","meta":{"om_disable_all_campaigns":false,"_monsterinsights_skip_tracking":false,"_monsterinsights_sitenote_active":false,"_monsterinsights_sitenote_note":"","_monsterinsights_sitenote_category":0},"categories":[263],"tags":[],"aioseo_notices":[],"jetpack_featured_media_url":"https:\/\/defiendase.com\/wp-content\/uploads\/2025\/10\/IMG_6730.jpeg","post_mailing_queue_ids":[],"_links":{"self":[{"href":"https:\/\/defiendase.com\/index.php\/wp-json\/wp\/v2\/posts\/6528"}],"collection":[{"href":"https:\/\/defiendase.com\/index.php\/wp-json\/wp\/v2\/posts"}],"about":[{"href":"https:\/\/defiendase.com\/index.php\/wp-json\/wp\/v2\/types\/post"}],"author":[{"embeddable":true,"href":"https:\/\/defiendase.com\/index.php\/wp-json\/wp\/v2\/users\/4"}],"replies":[{"embeddable":true,"href":"https:\/\/defiendase.com\/index.php\/wp-json\/wp\/v2\/comments?post=6528"}],"version-history":[{"count":1,"href":"https:\/\/defiendase.com\/index.php\/wp-json\/wp\/v2\/posts\/6528\/revisions"}],"predecessor-version":[{"id":6530,"href":"https:\/\/defiendase.com\/index.php\/wp-json\/wp\/v2\/posts\/6528\/revisions\/6530"}],"wp:featuredmedia":[{"embeddable":true,"href":"https:\/\/defiendase.com\/index.php\/wp-json\/wp\/v2\/media\/6529"}],"wp:attachment":[{"href":"https:\/\/defiendase.com\/index.php\/wp-json\/wp\/v2\/media?parent=6528"}],"wp:term":[{"taxonomy":"category","embeddable":true,"href":"https:\/\/defiendase.com\/index.php\/wp-json\/wp\/v2\/categories?post=6528"},{"taxonomy":"post_tag","embeddable":true,"href":"https:\/\/defiendase.com\/index.php\/wp-json\/wp\/v2\/tags?post=6528"}],"curies":[{"name":"wp","href":"https:\/\/api.w.org\/{rel}","templated":true}]}}