{"id":6514,"date":"2025-10-03T12:39:36","date_gmt":"2025-10-03T15:39:36","guid":{"rendered":"https:\/\/defiendase.com\/?p=6514"},"modified":"2025-10-03T12:39:39","modified_gmt":"2025-10-03T15:39:39","slug":"prorrogan-la-jubilacion-anticipada","status":"publish","type":"post","link":"https:\/\/defiendase.com\/index.php\/prorrogan-la-jubilacion-anticipada\/","title":{"rendered":"Prorrogan la jubilaci\u00f3n anticipada"},"content":{"rendered":"\n<p>El Gobierno nacional resolvi\u00f3 extender por un a\u00f1o m\u00e1s el r\u00e9gimen de jubilaci\u00f3n anticipada para personas desempleadas, cuya vigencia venc\u00eda el 30 de septiembre. La medida beneficia a quienes est\u00e1n a cinco a\u00f1os o menos de alcanzar la edad jubilatoria y cuentan con al menos 30 a\u00f1os de aportes al sistema previsional.<\/p>\n\n\n\n<p>Aunque a\u00fan no fue publicada en el Bolet\u00edn Oficial, la pr\u00f3rroga fue confirmada por el Ministerio de Capital Humano, desde donde indicaron que la extensi\u00f3n tendr\u00e1 una duraci\u00f3n de 12 meses. A\u00fan no se detallaron las condiciones espec\u00edficas que regir\u00e1n durante esta nueva etapa, en especial las referidas a la fecha l\u00edmite en la que debe haberse producido la desvinculaci\u00f3n laboral para acceder al beneficio.<\/p>\n\n\n\n<p>Este r\u00e9gimen, conocido como \u00abprestaci\u00f3n anticipada por desempleo\u00bb, fue implementado por decreto&nbsp; en&nbsp; 2021. En ese momento se estableci\u00f3 un plazo inicial de dos a\u00f1os de vigencia. Luego, en 2023, prorrog\u00f3 por dos a\u00f1os m\u00e1s, que venc\u00edan esta misma semana.<\/p>\n\n\n\n<p>El beneficio est\u00e1 dirigido a mujeres de entre 55 y 59 a\u00f1os y a varones de entre 60 y 64 a\u00f1os que tengan 30 a\u00f1os de aportes y est\u00e9n desempleados y les permite acceder a un haber que representa el 80% de la jubilaci\u00f3n que les corresponder\u00eda por sus aportes. Una vez que alcancen la edad jubilatoria estipulada (60 a\u00f1os para las mujeres y 65 para los hombres) pasar\u00e1n a cobrar la jubilaci\u00f3n completa.<\/p>\n\n\n\n<p>La iniciativa busca brindar un puente econ\u00f3mico a trabajadores que, a\u00fan habiendo cumplido con los requisitos de aportes, se encuentran fuera del mercado laboral y todav\u00eda no alcanzan la edad m\u00ednima para jubilarse.<\/p>\n","protected":false},"excerpt":{"rendered":"<p>El Gobierno nacional resolvi\u00f3 extender por un a\u00f1o m\u00e1s el r\u00e9gimen de jubilaci\u00f3n anticipada para<\/p>\n","protected":false},"author":4,"featured_media":6515,"comment_status":"open","ping_status":"open","sticky":false,"template":"","format":"standard","meta":{"om_disable_all_campaigns":false,"_monsterinsights_skip_tracking":false,"_monsterinsights_sitenote_active":false,"_monsterinsights_sitenote_note":"","_monsterinsights_sitenote_category":0},"categories":[2],"tags":[],"aioseo_notices":[],"jetpack_featured_media_url":"https:\/\/defiendase.com\/wp-content\/uploads\/2025\/10\/anses-ok.jpg","post_mailing_queue_ids":[],"_links":{"self":[{"href":"https:\/\/defiendase.com\/index.php\/wp-json\/wp\/v2\/posts\/6514"}],"collection":[{"href":"https:\/\/defiendase.com\/index.php\/wp-json\/wp\/v2\/posts"}],"about":[{"href":"https:\/\/defiendase.com\/index.php\/wp-json\/wp\/v2\/types\/post"}],"author":[{"embeddable":true,"href":"https:\/\/defiendase.com\/index.php\/wp-json\/wp\/v2\/users\/4"}],"replies":[{"embeddable":true,"href":"https:\/\/defiendase.com\/index.php\/wp-json\/wp\/v2\/comments?post=6514"}],"version-history":[{"count":1,"href":"https:\/\/defiendase.com\/index.php\/wp-json\/wp\/v2\/posts\/6514\/revisions"}],"predecessor-version":[{"id":6516,"href":"https:\/\/defiendase.com\/index.php\/wp-json\/wp\/v2\/posts\/6514\/revisions\/6516"}],"wp:featuredmedia":[{"embeddable":true,"href":"https:\/\/defiendase.com\/index.php\/wp-json\/wp\/v2\/media\/6515"}],"wp:attachment":[{"href":"https:\/\/defiendase.com\/index.php\/wp-json\/wp\/v2\/media?parent=6514"}],"wp:term":[{"taxonomy":"category","embeddable":true,"href":"https:\/\/defiendase.com\/index.php\/wp-json\/wp\/v2\/categories?post=6514"},{"taxonomy":"post_tag","embeddable":true,"href":"https:\/\/defiendase.com\/index.php\/wp-json\/wp\/v2\/tags?post=6514"}],"curies":[{"name":"wp","href":"https:\/\/api.w.org\/{rel}","templated":true}]}}