{"id":6502,"date":"2025-10-02T10:12:49","date_gmt":"2025-10-02T13:12:49","guid":{"rendered":"https:\/\/defiendase.com\/?p=6502"},"modified":"2025-10-02T10:12:52","modified_gmt":"2025-10-02T13:12:52","slug":"el-proyecto-que-limita-los-dnu-podria-ser-ley-la-semana-que-viene","status":"publish","type":"post","link":"https:\/\/defiendase.com\/index.php\/el-proyecto-que-limita-los-dnu-podria-ser-ley-la-semana-que-viene\/","title":{"rendered":"El proyecto que limita los DNU podr\u00eda ser ley la semana que viene"},"content":{"rendered":"\n<p>El Congreso le sigue dando malas noticias al Gobierno. Al rechazo de los vetos a las leyes de Financiamiento Universitario y de Emergencia Pedi\u00e1trica se suma el avance de un proyecto que busca cambiar la ley que regula los Decretos de Necesidad y Urgencia (DNU) y plantea fuertes limitaciones al Poder Ejecutivo.\u00a0<\/p>\n\n\n\n<p>En Diputados, un plenario de comisiones emiti\u00f3 dictamen favorable para que la iniciativa, que ya tiene media sanci\u00f3n en el Senado, sea tratada la semana que viene.<\/p>\n\n\n\n<p>El texto en discusi\u00f3n propone reformar la Ley 26.122, vigente desde 2006, que regula el procedimiento de tratamiento parlamentario de los DNU. Bajo la normativa actual, un decreto presidencial de este tipo sigue vigente mientras no sea rechazado por ambas c\u00e1maras del Congreso. Es decir, basta con que una sola c\u00e1mara lo apruebe (o incluso que no lo trate) para que el decreto siga en pie.<\/p>\n\n\n\n<p>Pero la reforma propuesta apunta a que eso cambie y busca que para que un DNU mantenga su validez, tenga que ser ratificado expresamente por ambas c\u00e1maras del Congreso, con mayor\u00eda absoluta de los presentes. Este aval al DNU&nbsp; deber\u00e1 realizarse, adem\u00e1s, dentro de un plazo m\u00e1ximo de 90 d\u00edas corridos desde su publicaci\u00f3n en el Bolet\u00edn Oficial. Y si el Congreso no lo trata en ese plazo, el DNU perder\u00e1 vigencia autom\u00e1ticamente. Si una sola c\u00e1mara lo rechaza o si vence el plazo sin tratamiento, el decreto queda derogado, aunque se respetar\u00e1n los derechos adquiridos mientras estuvo en vigor.<\/p>\n\n\n\n<p>Adem\u00e1s, el proyecto impide que el Ejecutivo pueda volver a emitir un DNU sobre la misma materia en el mismo a\u00f1o parlamentario si ya fue rechazado por el Congreso.<\/p>\n\n\n\n<p>Como respuesta, la Libertad Avanza present\u00f3 un dictamen de minor\u00eda que rechaza cualquier cambio a la ley actual, argumentando que los DNU son una herramienta leg\u00edtima que ha sido utilizada por todos los gobiernos recientes. El diputado Nicol\u00e1s Mayoraz cuestion\u00f3 las motivaciones pol\u00edticas detr\u00e1s de la reforma y la calific\u00f3 como una maniobra desestabilizadora.<\/p>\n\n\n\n<p>Tras el acercamiento de Macri con Milei, el PRO, por su parte, no firm\u00f3 ning\u00fan dictamen. Sus representantes consideran que cualquier reforma de este tipo deber\u00eda aplicarse a partir del pr\u00f3ximo gobierno, y no afectar el mandato en curso del presidente.<\/p>\n\n\n\n<p>La Coalici\u00f3n C\u00edvica, fue otro de los espacios que puso reparos. Si bien respaldan la reforma, no acompa\u00f1an el plazo de 90 d\u00edas para el tratamiento legislativo, por considerar que podr\u00eda generar incertidumbre sobre la vigencia de los decretos.<\/p>\n\n\n\n<p>Si la c\u00e1mara baja aprueba el proyecto sin modificaciones, la iniciativa quedar\u00e1 sancionada como ley. No obstante, desde el oficialismo ya anticipan que podr\u00eda haber un veto presidencial. Y en ese caso, el Congreso deber\u00e1 insistir en la ley, como lo hizo con la Emergencia en Discapacidad, el Financiamiento Universitario y la Ley Garrahan para poder mantenerla.<\/p>\n","protected":false},"excerpt":{"rendered":"<p>El Congreso le sigue dando malas noticias al Gobierno. Al rechazo de los vetos a<\/p>\n","protected":false},"author":4,"featured_media":6503,"comment_status":"open","ping_status":"open","sticky":false,"template":"","format":"standard","meta":{"om_disable_all_campaigns":false,"_monsterinsights_skip_tracking":false,"_monsterinsights_sitenote_active":false,"_monsterinsights_sitenote_note":"","_monsterinsights_sitenote_category":0},"categories":[16],"tags":[],"aioseo_notices":[],"jetpack_featured_media_url":"https:\/\/defiendase.com\/wp-content\/uploads\/2025\/10\/congreso_31.webp","post_mailing_queue_ids":[],"_links":{"self":[{"href":"https:\/\/defiendase.com\/index.php\/wp-json\/wp\/v2\/posts\/6502"}],"collection":[{"href":"https:\/\/defiendase.com\/index.php\/wp-json\/wp\/v2\/posts"}],"about":[{"href":"https:\/\/defiendase.com\/index.php\/wp-json\/wp\/v2\/types\/post"}],"author":[{"embeddable":true,"href":"https:\/\/defiendase.com\/index.php\/wp-json\/wp\/v2\/users\/4"}],"replies":[{"embeddable":true,"href":"https:\/\/defiendase.com\/index.php\/wp-json\/wp\/v2\/comments?post=6502"}],"version-history":[{"count":1,"href":"https:\/\/defiendase.com\/index.php\/wp-json\/wp\/v2\/posts\/6502\/revisions"}],"predecessor-version":[{"id":6504,"href":"https:\/\/defiendase.com\/index.php\/wp-json\/wp\/v2\/posts\/6502\/revisions\/6504"}],"wp:featuredmedia":[{"embeddable":true,"href":"https:\/\/defiendase.com\/index.php\/wp-json\/wp\/v2\/media\/6503"}],"wp:attachment":[{"href":"https:\/\/defiendase.com\/index.php\/wp-json\/wp\/v2\/media?parent=6502"}],"wp:term":[{"taxonomy":"category","embeddable":true,"href":"https:\/\/defiendase.com\/index.php\/wp-json\/wp\/v2\/categories?post=6502"},{"taxonomy":"post_tag","embeddable":true,"href":"https:\/\/defiendase.com\/index.php\/wp-json\/wp\/v2\/tags?post=6502"}],"curies":[{"name":"wp","href":"https:\/\/api.w.org\/{rel}","templated":true}]}}